{"id":4417,"date":"2023-11-14T13:54:42","date_gmt":"2023-11-14T12:54:42","guid":{"rendered":"https:\/\/agora.xtec.cat\/iesguinovarda\/?p=4417"},"modified":"2026-01-08T13:26:22","modified_gmt":"2026-01-08T12:26:22","slug":"eleccions-al-consell-escolar-2","status":"publish","type":"post","link":"https:\/\/agora.xtec.cat\/iesguinovarda\/general\/eleccions-al-consell-escolar-2\/","title":{"rendered":"ELECCIONS AL CONSELL ESCOLAR 2025"},"content":{"rendered":"<div class=\"gs\">\n<div class=\"\">\n<div id=\":19h\" class=\"ii gt\">\n<div id=\":19g\" class=\"a3s aiL \">\n<div dir=\"ltr\">\n<h2><img loading=\"lazy\" decoding=\"async\" class=\"alignnone size-full wp-image-4427\" src=\"https:\/\/agora.xtec.cat\/iesguinovarda\/wp-content\/uploads\/usu579\/2023\/10\/elections-1496436_1280-2.png\" alt=\"\" width=\"413\" height=\"336\" srcset=\"https:\/\/agora.xtec.cat\/iesguinovarda\/wp-content\/uploads\/usu579\/2023\/10\/elections-1496436_1280-2.png 413w, https:\/\/agora.xtec.cat\/iesguinovarda\/wp-content\/uploads\/usu579\/2023\/10\/elections-1496436_1280-2-300x244.png 300w\" sizes=\"auto, (max-width: 413px) 100vw, 413px\" \/><\/h2>\n<\/div>\n<h2><\/h2>\n<div dir=\"ltr\">\n<h2><\/h2>\n<h2><\/h2>\n<h2><b>ELECCIONS AL CONSELL ESCOLAR 2025<\/b><\/h2>\n<p>&nbsp;<\/p>\n<\/div>\n<\/div>\n<\/div>\n<div id=\":19h\" class=\"ii gt\">\n<div id=\":19g\" class=\"a3s aiL \">\n<div dir=\"ltr\">\n<h4><b><u>CALENDARI ELECCIONS 2025:<\/u><\/b><\/h4>\n<\/div>\n<\/div>\n<\/div>\n<\/div>\n<\/div>\n<div><\/div>\n<div><\/div>\n<div>\n<table style=\"border-collapse: collapse; width: 82.8729%; height: 336px;\">\n<tbody>\n<tr style=\"height: 48px;\">\n<td style=\"width: 28.2573%; height: 48px;\">27 d&#8217;octubre<\/td>\n<td style=\"width: 61.6494%; height: 48px;\">Publicaci\u00f3 dels censos electorals (es poden consultar al vest\u00edbul de l&#8217;Institut; estaran exposats fins al 31 d&#8217;octubre)<\/td>\n<\/tr>\n<tr style=\"height: 32px;\">\n<td style=\"width: 28.2573%; height: 32px;\">Del 30 d&#8217;octubre al 3 de novembre<\/td>\n<td style=\"width: 61.6494%; height: 32px;\">Presentaci\u00f3 de reclamacions als censos<\/td>\n<\/tr>\n<tr style=\"height: 32px;\">\n<td style=\"width: 28.2573%; height: 32px;\">Del 22 d&#8217;octubre al 12 de novembre<\/td>\n<td style=\"width: 61.6494%; height: 32px;\">Presentaci\u00f3 de candidatures \/ Presentaci\u00f3 de sol\u00b7licituds per actuar com a supervisor<\/td>\n<\/tr>\n<tr style=\"height: 32px;\">\n<td style=\"width: 28.2573%; height: 32px;\">28 d&#8217;octubre<\/td>\n<td style=\"width: 61.6494%; height: 32px;\">Sorteig per designar els vocals de les meses<\/td>\n<\/tr>\n<tr style=\"height: 32px;\">\n<td style=\"width: 28.2573%; height: 32px;\">6 de novembre<\/td>\n<td style=\"width: 61.6494%; height: 32px;\">Constituci\u00f3 de les meses<\/td>\n<\/tr>\n<tr style=\"height: 32px;\">\n<td style=\"width: 28.2573%; height: 32px;\">10 de novembre<\/td>\n<td style=\"width: 61.6494%; height: 32px;\">Resoluci\u00f3 reclamacions censos<\/td>\n<\/tr>\n<tr style=\"height: 32px;\">\n<td style=\"width: 28.2573%; height: 32px;\">14 de novembre<\/td>\n<td style=\"width: 61.6494%; height: 32px;\">Publicaci\u00f3 candidatures diferents sectors<\/td>\n<\/tr>\n<tr>\n<td style=\"width: 28.2573%;\">19 de novembre<\/td>\n<td style=\"width: 61.6494%;\">Votacions pares\/mares\/turors legals i professorat<\/td>\n<\/tr>\n<tr style=\"height: 32px;\">\n<td style=\"width: 28.2573%; height: 32px;\">20 de novembre<\/td>\n<td style=\"width: 61.6494%; height: 32px;\">Votacions alumnat<\/td>\n<\/tr>\n<tr style=\"height: 32px;\">\n<td style=\"width: 28.2573%; height: 32px;\">Abans del 17 de desembre<\/td>\n<td style=\"width: 61.6494%; height: 32px;\">Constituci\u00f3 del Consell Escolar<\/td>\n<\/tr>\n<\/tbody>\n<\/table>\n<\/div>\n<div><\/div>\n<div><\/div>\n<div><\/div>\n<div><\/div>\n<h6><\/h6>\n<p>&nbsp;<\/p>\n<div class=\"gs\">\n<div class=\"\">\n<div id=\":19h\" class=\"ii gt\">\n<div id=\":19g\" class=\"a3s aiL \">\n<div dir=\"ltr\">\n<h6><b><u>P<\/u><\/b><b><u>resentac<\/u><\/b><strong><u>i\u00f3 de candidatures<\/u>:\u00a0<\/strong><\/h6>\n<h6><a style=\"font-family: inherit; font-size: 1em; font-weight: normal;\" href=\"https:\/\/drive.google.com\/file\/d\/1BcQv6kQ7p4X9qu89W0KCnLinCBGg646A\/view?usp=drive_link\" target=\"_blank\" rel=\"noopener\">Document<strong> presentaci\u00f3 candidatura<\/strong><\/a><\/h6>\n<\/div>\n<\/div>\n<\/div>\n<\/div>\n<\/div>\n<div class=\"adL\">El document de candidatura s&#8217;ha de fer arribar a Secretaria, per correu electr\u00f2nic (secretaria@insguinovarda.cat) o presencialment.<\/div>\n<div><\/div>\n<p>&nbsp;<\/p>\n<div class=\"gs\">\n<div class=\"\">\n<div id=\":19h\" class=\"ii gt\">\n<div id=\":19g\" class=\"a3s aiL \">\n<div dir=\"ltr\">\n<h6><\/h6>\n<\/div>\n<\/div>\n<\/div>\n<\/div>\n<\/div>\n<div><\/div>\n<div><\/div>\n<div><\/div>\n<div><\/div>\n<div><\/div>\n<div><\/div>\n<div><\/div>\n<div><\/div>\n<div><\/div>\n<div>\n<h3><strong>US ANIMEM A PARTICIPAR!!!<\/strong><\/h3>\n<\/div>\n<div><\/div>\n<div><\/div>\n<div><\/div>\n<div><\/div>\n<div>\n<div><\/div>\n<h4><\/h4>\n<\/div>\n<div><\/div>\n<div class=\"gs\">\n<div class=\"\"><\/div>\n<\/div>\n<div><\/div>\n<div><\/div>\n<div><\/div>\n<p>&nbsp;<\/p>\n<p>&nbsp;<\/p>\n<h4><strong>QU\u00c8 \u00c9S EL CONSELL ESCOLAR?<\/strong><\/h4>\n<div><\/div>\n<div><\/div>\n<div>\n<p><em><strong>El Consell Escolar \u00e9s l\u2019\u00f2rgan de participaci\u00f3 de la comunitat escolar en el govern del centre. Al Consell E<\/strong><\/em><em><strong>scolar hi estan representats tots els sectors implicats: Pares i Mares, AFA, Alumnes, Professors, Personal d\u2019Administraci\u00f3 i Serveis, Directora, Caps d\u2019Estudis i Ajuntament.<\/strong><\/em><\/p>\n<p>En els centres p\u00fablics, la funci\u00f3 principal del Consell Escolar \u00e9s participar en la presa de decisions en relaci\u00f3 amb aquells temes importants per al funcionament i l\u2019organitzaci\u00f3 del centre: el projecte educatiu, la programaci\u00f3 general, la gesti\u00f3 econ\u00f2mica, etc. En el cas dels centres privats concertats, el consell escolar debat, avalua, analitza i pren decisions sobre els temes proposats pel titular del centre.<\/p>\n<p>Els representants del Consell Escolar s\u00f3n escollits per un per\u00edode de quatre anys, per\u00f2 cada dos anys es convoquen eleccions per renovar la meitat dels seus membres.<\/p>\n<p>Les vacants del Consell Escolar s\u2019ocupen segons els resultats de les eleccions. Si un membre deixa el consell, passar\u00e0 a ocupar el seu lloc la seg\u00fcent candidatura m\u00e9s votada en les darreres eleccions. Si no hi ha m\u00e9s candidats per cobrir la pla\u00e7a, queda vacant fins a la propera renovaci\u00f3 del Consell Escolar.<\/p>\n<p>Corresponen al Consell Escolar les funcions seg\u00fcents:<\/p>\n<ul>\n<li>Aprovar el projecte educatiu i les modificacions corresponents per una majoria de tres cinquenes parts dels membres.<\/li>\n<li>Aprovar la programaci\u00f3 general anual del centre i avaluar-ne el desenvolupament i els resultats.<\/li>\n<li>Aprovar les propostes d\u2019acords de corresponsabilitat, convenis i altres acords de col\u00b7laboraci\u00f3 del centre amb entitats o institucions.<\/li>\n<li>Aprovar les normes d\u2019organitzaci\u00f3 i funcionament i les modificacions corresponents.<\/li>\n<li>Aprovar la carta de comprom\u00eds educatiu.<\/li>\n<li>Aprovar el pressupost del centre i el rendiment de comptes.<\/li>\n<li>Intervenir en el procediment d\u2019admissi\u00f3 d\u2019alumnes.<\/li>\n<li>Participar en el procediment de selecci\u00f3 i en la proposta de cessament del director o directora.<\/li>\n<li>Intervenir en la resoluci\u00f3 dels conflictes i, si escau, revisar les sancions als alumnes.<\/li>\n<li>Aprovar les directrius per a la programaci\u00f3 d\u2019activitats escolars complement\u00e0ries i d\u2019activitats extraescolars, i avaluar-ne el desenvolupament.<\/li>\n<li>Participar en les an\u00e0lisis i les avaluacions del funcionament general del centre i con\u00e8ixer l\u2019evoluci\u00f3 del rendiment escolar.<\/li>\n<li>Aprovar els criteris de col\u00b7laboraci\u00f3 amb altres centres i amb l\u2019entorn.<\/li>\n<li>Qualsevol altra que li sigui atribu\u00efda per les normes legals o reglament\u00e0ries.<\/li>\n<\/ul>\n<p>&nbsp;<\/p>\n<\/div>\n","protected":false},"excerpt":{"rendered":"<p>ELECCIONS AL CONSELL ESCOLAR 2025<br \/>\n&nbsp;<\/p>\n<p>CALENDARI ELECCIONS 2025:<\/p>\n<p>27 d&#8217;octubre<br \/>\nPublicaci\u00f3 dels censos electorals (es poden consultar al vest\u00edbul de l&#8217;Institut; estaran exposats fins al 31 d&#8217;octubre)<\/p>\n<p>Del 30 d&#8217;octubre al 3 de novembre<br \/>\nPresentaci\u00f3 de reclamacions als censos<\/p>\n<p>Del 22 d&#8217;octubre al 12 de novembre<br \/>\nPresentaci\u00f3 de candidatures \/ Presentaci\u00f3 de&hellip;  <a href=\"https:\/\/agora.xtec.cat\/iesguinovarda\/general\/eleccions-al-consell-escolar-2\/\" title=\"Read ELECCIONS AL CONSELL ESCOLAR 2025\">Llegeix m\u00e9s\u00bb<\/a><\/p>\n","protected":false},"author":3,"featured_media":4427,"comment_status":"closed","ping_status":"closed","sticky":false,"template":"","format":"standard","meta":{"_bbp_topic_count":0,"_bbp_reply_count":0,"_bbp_total_topic_count":0,"_bbp_total_reply_count":0,"_bbp_voice_count":0,"_bbp_anonymous_reply_count":0,"_bbp_topic_count_hidden":0,"_bbp_reply_count_hidden":0,"_bbp_forum_subforum_count":0,"footnotes":""},"categories":[1,29,105],"tags":[],"class_list":["post-4417","post","type-post","status-publish","format-standard","has-post-thumbnail","hentry","category-general","category-portada","category-secretaria"],"post_mailing_queue_ids":[],"_links":{"self":[{"href":"https:\/\/agora.xtec.cat\/iesguinovarda\/wp-json\/wp\/v2\/posts\/4417","targetHints":{"allow":["GET"]}}],"collection":[{"href":"https:\/\/agora.xtec.cat\/iesguinovarda\/wp-json\/wp\/v2\/posts"}],"about":[{"href":"https:\/\/agora.xtec.cat\/iesguinovarda\/wp-json\/wp\/v2\/types\/post"}],"author":[{"embeddable":true,"href":"https:\/\/agora.xtec.cat\/iesguinovarda\/wp-json\/wp\/v2\/users\/3"}],"replies":[{"embeddable":true,"href":"https:\/\/agora.xtec.cat\/iesguinovarda\/wp-json\/wp\/v2\/comments?post=4417"}],"version-history":[{"count":7,"href":"https:\/\/agora.xtec.cat\/iesguinovarda\/wp-json\/wp\/v2\/posts\/4417\/revisions"}],"predecessor-version":[{"id":6033,"href":"https:\/\/agora.xtec.cat\/iesguinovarda\/wp-json\/wp\/v2\/posts\/4417\/revisions\/6033"}],"wp:featuredmedia":[{"embeddable":true,"href":"https:\/\/agora.xtec.cat\/iesguinovarda\/wp-json\/wp\/v2\/media\/4427"}],"wp:attachment":[{"href":"https:\/\/agora.xtec.cat\/iesguinovarda\/wp-json\/wp\/v2\/media?parent=4417"}],"wp:term":[{"taxonomy":"category","embeddable":true,"href":"https:\/\/agora.xtec.cat\/iesguinovarda\/wp-json\/wp\/v2\/categories?post=4417"},{"taxonomy":"post_tag","embeddable":true,"href":"https:\/\/agora.xtec.cat\/iesguinovarda\/wp-json\/wp\/v2\/tags?post=4417"}],"curies":[{"name":"wp","href":"https:\/\/api.w.org\/{rel}","templated":true}]}}