{"id":4399,"date":"2023-10-29T07:55:25","date_gmt":"2023-10-29T06:55:25","guid":{"rendered":"https:\/\/agora.xtec.cat\/iesguinovarda\/?p=4399"},"modified":"2023-10-29T07:55:25","modified_gmt":"2023-10-29T06:55:25","slug":"els-comics-dibanez","status":"publish","type":"post","link":"https:\/\/agora.xtec.cat\/iesguinovarda\/eso\/eso-3\/els-comics-dibanez\/","title":{"rendered":"ELS C\u00d2MICS D\u2019IB\u00c1\u00d1EZ"},"content":{"rendered":"<p>El passat m\u00e9s de juliol el m\u00f3n del c\u00f2mic va entristir per la mort de F. Ib\u00e0\u00f1ez, el creador de <em>Mortadelo<\/em><em> y Filem\u00f3n<\/em>.<br \/>\nNom\u00e9s comen\u00e7ar el curs, els alumnes de 3r d\u2019ESO van realitzar un projecte per retre-li un petit homenatge i donar a con\u00e8ixer qui va ser aquest escriptor i dibuixant de historietes plenes de vinyetes divertid\u00edssimes.<br \/>\nDes de l\u2019assignatura de llengua castellana, van confeccionar un murals que presenten la traject\u00f2ria d\u2019Ib\u00e1\u00f1ez al llarg dels seixanta-cinc anys dedicats als c\u00f2mics.<br \/>\nL\u2019exposici\u00f3, situada al vest\u00edbul de l\u2019institut, repassa la seva biografia, c\u00f2mics com <em>Mortadelo y Filem\u00f3n<\/em>, <em>Botones Sacarino<\/em>, <em>Rompetechos<\/em>, <em>13, Rue del Percebe<\/em> y <em>Pepe Gotera y Otilio<\/em> i, alhora, destaca les caracter\u00edstiques i el llenguatge dels seus tebeos.<\/p>\n<p><a data-flickr-embed=\"true\" href=\"https:\/\/www.flickr.com\/photos\/insguinovarda\/albums\/72177720312302174\" title=\"F. Ib\u00e1\u00f1ez i els c\u00f2mics (3ESO)\"><img loading=\"lazy\" decoding=\"async\" src=\"https:\/\/live.staticflickr.com\/65535\/53294110404_e4dfcb2525.jpg\" width=\"640\" height=\"480\" alt=\"F. Ib\u00e1\u00f1ez i els c\u00f2mics (3ESO)\"\/><\/a><script async src=\"\/\/embedr.flickr.com\/assets\/client-code.js\" charset=\"utf-8\"><\/script><\/p>\n","protected":false},"excerpt":{"rendered":"<p>El passat m\u00e9s de juliol el m\u00f3n del c\u00f2mic va entristir per la mort de F. Ib\u00e0\u00f1ez, el creador de Mortadelo y Filem\u00f3n.<br \/>\nNom\u00e9s comen\u00e7ar el curs, els alumnes de 3r d\u2019ESO van realitzar un projecte per retre-li un petit homenatge i donar a con\u00e8ixer qui&hellip;  <a href=\"https:\/\/agora.xtec.cat\/iesguinovarda\/eso\/eso-3\/els-comics-dibanez\/\" title=\"Read ELS C\u00d2MICS D\u2019IB\u00c1\u00d1EZ\">Llegeix m\u00e9s\u00bb<\/a><\/p>\n","protected":false},"author":5,"featured_media":4400,"comment_status":"closed","ping_status":"closed","sticky":false,"template":"","format":"standard","meta":{"_bbp_topic_count":0,"_bbp_reply_count":0,"_bbp_total_topic_count":0,"_bbp_total_reply_count":0,"_bbp_voice_count":0,"_bbp_anonymous_reply_count":0,"_bbp_topic_count_hidden":0,"_bbp_reply_count_hidden":0,"_bbp_forum_subforum_count":0,"footnotes":""},"categories":[6,29],"tags":[],"class_list":["post-4399","post","type-post","status-publish","format-standard","has-post-thumbnail","hentry","category-eso-3","category-portada"],"post_mailing_queue_ids":[],"_links":{"self":[{"href":"https:\/\/agora.xtec.cat\/iesguinovarda\/wp-json\/wp\/v2\/posts\/4399","targetHints":{"allow":["GET"]}}],"collection":[{"href":"https:\/\/agora.xtec.cat\/iesguinovarda\/wp-json\/wp\/v2\/posts"}],"about":[{"href":"https:\/\/agora.xtec.cat\/iesguinovarda\/wp-json\/wp\/v2\/types\/post"}],"author":[{"embeddable":true,"href":"https:\/\/agora.xtec.cat\/iesguinovarda\/wp-json\/wp\/v2\/users\/5"}],"replies":[{"embeddable":true,"href":"https:\/\/agora.xtec.cat\/iesguinovarda\/wp-json\/wp\/v2\/comments?post=4399"}],"version-history":[{"count":1,"href":"https:\/\/agora.xtec.cat\/iesguinovarda\/wp-json\/wp\/v2\/posts\/4399\/revisions"}],"predecessor-version":[{"id":4401,"href":"https:\/\/agora.xtec.cat\/iesguinovarda\/wp-json\/wp\/v2\/posts\/4399\/revisions\/4401"}],"wp:featuredmedia":[{"embeddable":true,"href":"https:\/\/agora.xtec.cat\/iesguinovarda\/wp-json\/wp\/v2\/media\/4400"}],"wp:attachment":[{"href":"https:\/\/agora.xtec.cat\/iesguinovarda\/wp-json\/wp\/v2\/media?parent=4399"}],"wp:term":[{"taxonomy":"category","embeddable":true,"href":"https:\/\/agora.xtec.cat\/iesguinovarda\/wp-json\/wp\/v2\/categories?post=4399"},{"taxonomy":"post_tag","embeddable":true,"href":"https:\/\/agora.xtec.cat\/iesguinovarda\/wp-json\/wp\/v2\/tags?post=4399"}],"curies":[{"name":"wp","href":"https:\/\/api.w.org\/{rel}","templated":true}]}}