{"id":4391,"date":"2023-11-15T08:25:22","date_gmt":"2023-11-15T07:25:22","guid":{"rendered":"https:\/\/agora.xtec.cat\/iesguinovarda\/?p=4391"},"modified":"2023-11-15T10:02:44","modified_gmt":"2023-11-15T09:02:44","slug":"vaga-estudiants-26-10-23","status":"publish","type":"post","link":"https:\/\/agora.xtec.cat\/iesguinovarda\/general\/vaga-estudiants-26-10-23\/","title":{"rendered":"VAGA ESTUDIANTS 16\/11\/23"},"content":{"rendered":"<p lang=\"ca-ES\"><strong style=\"color: #ff6600; font-family: inherit; font-size: 1em;\">Hi ha una vaga d&#8217;estudiants convocada pel dijous dia 16 de novembre:<\/strong><\/p>\n<p style=\"color: #4a4a4a; font-family: ieducaTypo, sans-serif; font-size: 14px;\"><span style=\"color: #000000;\"><span style=\"text-align: center !important;\"><strong>L\u2019alumnat de 1r i 2n d\u2019ESO no t\u00e9 dret a fer\u00a0<\/strong><\/span><span style=\"text-align: center !important;\"><strong>vaga<\/strong><\/span>\u00a0segons la normativa vigent.<\/span><\/p>\n<p style=\"color: #4a4a4a; font-family: ieducaTypo, sans-serif; font-size: 14px;\"><span style=\"color: #000000;\">Han demanat fer la vaga seguint el protocol establert pel centre i, per tant, poden fer-la: 3r d&#8217;ESO A,B,D, 4t d&#8217;ESO A,C,D, 2n Batxillerat A, 1r i 2n TAPSD,\u00a0 SMX 1A, 2A, 2B, 1r i 2n SCOM i PFIs.<\/span><\/p>\n<p style=\"font-size: medium;\"><strong>No han demanat la vaga i per tant NO poden fer-la: 3 ESO C, 4 ESO B i E, 1r BATX A,B,C, 2n BATX B i 1r SMX B<\/strong><\/p>\n<p><span style=\"color: #000000;\">Recordem que el dret de fer vaga \u00e9s individual i que malgrat que el grup classe hagi decidit donar suport a la vaga,<strong>\u00a0<span style=\"text-align: center !important;\"><span style=\"color: #ff6600;\">cada alumne i fam\u00edlia pot decidir si exerceix aquest dret i, per tant, si assisteix a classe o no<\/span>,<\/span><\/strong>\u00a0sempre que el seu grup tingui la vaga autoritzada.<\/span><\/p>\n<p style=\"color: #4a4a4a; font-family: ieducaTypo, sans-serif; font-size: 14px;\"><span style=\"color: #000000;\">Els alumnes de 3r ,4t d\u2019ESO\u00a0 i SCOM necessiten autoritzaci\u00f3 dels pares, mares o tutors legals per poder justificar aquesta falta com a vaga, per tant, s&#8217;haur\u00e0 de justificar \u00a0preferiblement a trav\u00e9s d&#8217;ieduca <\/span><strong style=\"color: #000000;\">als tutors\/es<\/strong><span style=\"color: #000000;\"> o via mail tamb\u00e9 als tutors, en cas contrari constar\u00e0 com a falta no justificada.<\/span><\/p>\n<p style=\"color: #4a4a4a; font-family: ieducaTypo, sans-serif; font-size: 14px;\"><span style=\"color: #000000;\"><span style=\"text-align: center !important;\"><strong>Les classes pels alumnes que assisteixin al centre es duran a terme amb normalitat.<\/strong><\/span>\u00a0El professorat pot decidir si avan\u00e7a o no mat\u00e8ria, per\u00f2 no es pot perjudicar de cap manera la nota dels alumnes que exerceixen el dret a vaga.<\/span><\/p>\n<p style=\"color: #4a4a4a; font-family: ieducaTypo, sans-serif; font-size: 14px;\"><span style=\"color: #000000;\">El servei de transport funcionar\u00e0 amb normalitat<\/span><\/p>\n","protected":false},"excerpt":{"rendered":"<p>Hi ha una vaga d&#8217;estudiants convocada pel dijous dia 16 de novembre:<br \/>\nL\u2019alumnat de 1r i 2n d\u2019ESO no t\u00e9 dret a fer\u00a0vaga\u00a0segons la normativa vigent.<br \/>\nHan demanat fer la vaga seguint el protocol establert pel centre i, per tant, poden fer-la: 3r d&#8217;ESO A,B,D, 4t d&#8217;ESO&hellip;  <a href=\"https:\/\/agora.xtec.cat\/iesguinovarda\/general\/vaga-estudiants-26-10-23\/\" title=\"Read VAGA ESTUDIANTS 16\/11\/23\">Llegeix m\u00e9s\u00bb<\/a><\/p>\n","protected":false},"author":1,"featured_media":0,"comment_status":"open","ping_status":"closed","sticky":false,"template":"","format":"standard","meta":{"_bbp_topic_count":0,"_bbp_reply_count":0,"_bbp_total_topic_count":0,"_bbp_total_reply_count":0,"_bbp_voice_count":0,"_bbp_anonymous_reply_count":0,"_bbp_topic_count_hidden":0,"_bbp_reply_count_hidden":0,"_bbp_forum_subforum_count":0,"footnotes":""},"categories":[1,29],"tags":[],"class_list":["post-4391","post","type-post","status-publish","format-standard","hentry","category-general","category-portada"],"post_mailing_queue_ids":[],"_links":{"self":[{"href":"https:\/\/agora.xtec.cat\/iesguinovarda\/wp-json\/wp\/v2\/posts\/4391","targetHints":{"allow":["GET"]}}],"collection":[{"href":"https:\/\/agora.xtec.cat\/iesguinovarda\/wp-json\/wp\/v2\/posts"}],"about":[{"href":"https:\/\/agora.xtec.cat\/iesguinovarda\/wp-json\/wp\/v2\/types\/post"}],"author":[{"embeddable":true,"href":"https:\/\/agora.xtec.cat\/iesguinovarda\/wp-json\/wp\/v2\/users\/1"}],"replies":[{"embeddable":true,"href":"https:\/\/agora.xtec.cat\/iesguinovarda\/wp-json\/wp\/v2\/comments?post=4391"}],"version-history":[{"count":6,"href":"https:\/\/agora.xtec.cat\/iesguinovarda\/wp-json\/wp\/v2\/posts\/4391\/revisions"}],"predecessor-version":[{"id":4462,"href":"https:\/\/agora.xtec.cat\/iesguinovarda\/wp-json\/wp\/v2\/posts\/4391\/revisions\/4462"}],"wp:attachment":[{"href":"https:\/\/agora.xtec.cat\/iesguinovarda\/wp-json\/wp\/v2\/media?parent=4391"}],"wp:term":[{"taxonomy":"category","embeddable":true,"href":"https:\/\/agora.xtec.cat\/iesguinovarda\/wp-json\/wp\/v2\/categories?post=4391"},{"taxonomy":"post_tag","embeddable":true,"href":"https:\/\/agora.xtec.cat\/iesguinovarda\/wp-json\/wp\/v2\/tags?post=4391"}],"curies":[{"name":"wp","href":"https:\/\/api.w.org\/{rel}","templated":true}]}}