{"id":4299,"date":"2023-07-24T10:32:43","date_gmt":"2023-07-24T08:32:43","guid":{"rendered":"https:\/\/agora.xtec.cat\/iesguinovarda\/?p=4299"},"modified":"2023-12-13T08:23:37","modified_gmt":"2023-12-13T07:23:37","slug":"curs-23-24-institut-lliure-de-mobils","status":"publish","type":"post","link":"https:\/\/agora.xtec.cat\/iesguinovarda\/general\/curs-23-24-institut-lliure-de-mobils\/","title":{"rendered":"CURS 23-24: INSTITUT LLIURE DE M\u00d2BILS"},"content":{"rendered":"<div dir=\"auto\">\n<div>\n<p><img loading=\"lazy\" decoding=\"async\" class=\"\" style=\"font-family: inherit; font-size: 1em;\" src=\"https:\/\/agora.xtec.cat\/iesguinovarda\/wp-content\/uploads\/usu579\/2023\/07\/sensemobils-sensefum-INS-Guinovarda_page-0001-scaled.jpg\" width=\"219\" height=\"464\" \/><\/p>\n<p>&nbsp;<\/p>\n<p><span style=\"font-size: large;\">A partir del curs 2023-2024, l\u2019Institut Guinovarda aposta per esdevenir un <span style=\"color: #ff6600;\"><strong>ENTORN SENSE M\u00d2BILS.<\/strong><\/span><\/span><\/p>\n<p><span style=\"font-size: large;\">Actualment, pr\u00e0cticament el 100% del nostre alumnat disposa de tel\u00e8fon m\u00f2bil, el qual esdev\u00e9 per a ells una eina amb la qual juguen, es socialitzen i es comuniquen, per\u00f2 al mateix temps t\u00e9 un impacte negatiu sobre els resultats acad\u00e8mics a causa del mal \u00fas que se&#8217;n fa a les aules on \u00e9s font de distracci\u00f3 i de p\u00e8rdua de concentraci\u00f3. A m\u00e9s el seu \u00fas inadequat, sobretot de les xarxes socials i whatsapp , \u00e9s font de bona part dels conflictes dins i fora del centre.<\/span><\/p>\n<p><span style=\"font-size: large;\">\u00c9s per tot aix\u00f2 que hem actualitzat la normativa per a tot l&#8217;alumnat respecte a l\u2019\u00fas dels dispositius m\u00f2bils:<\/span><\/p>\n<p><span style=\"font-size: large;\">1. \u2013\u00a0Es prohibeix l\u2019\u00fas del m\u00f2bil\u00a0(o altres dispositius amb funcions similars com rellotges\u2026) dins del recinte del centre a tot l\u2019alumnat.<br \/>\n2. \u2013 El m\u00f2bil no es pot fer present, ni visible, ni audible, des de les 8:00 fins a les 14:35 hores, sense excepci\u00f3 (ni patis, ni canvis de classe, passadissos, escales, gu\u00e0rdies, ni cap altra casu\u00edstica).<br \/>\n3. \u2013 En tot cas, si el porten ha d&#8217;estar guardat i apagat i\u00a0 l\u2019alumnat sempre ha de vetllar per la integritat del seu dispositiu electr\u00f2nic i n\u2019\u00e9s el seu responsable. El centre no es far\u00e0 responsable de les avaries, trencament, p\u00e8rdues, furts o robatoris dels tel\u00e8fons m\u00f2bils de l\u2019alumnat ni prendr\u00e0 cap acci\u00f3 o mesura al respecte.<\/span><\/p>\n<h4><span style=\"font-size: large;\">En cas\u00a0 d\u2019incompliment de la normativa, tant per l\u2019alumnat d\u2019ESO, CFGB, CFGM, Batxillerat i PFI, les sancions seran les seg\u00fcents:<br \/>\n<\/span><\/h4>\n<p><span style=\"font-size: large;\"><br \/>\n&#8211; En la primera incid\u00e8ncia de m\u00f2bil, les caps d\u2019estudis trucaran als tutors legals per avisar-los.\u00a0 <\/span><\/p>\n<\/div>\n<div><\/div>\n<div><span style=\"font-size: large;\">&#8211; A partir d\u2019aqu\u00ed, una incid\u00e8ncia de m\u00f2bil implicar\u00e0 un dia d\u2019expulsi\u00f3 a casa.<\/span><span style=\"font-size: large;\">\u00a0 \u00a0<\/span><\/div>\n<div><\/div>\n<div><span style=\"font-size: large;\">&#8211; Si hi ha una reiteraci\u00f3 elevada d&#8217;incid\u00e8ncies la Comissi\u00f3 de conviv\u00e8ncia valorar\u00e0 aplicar m\u00e9s dies de sanci\u00f3.<\/span><\/div>\n<div><span style=\"font-size: large;\">\u00a0<\/span><\/div>\n<div><span style=\"font-size: large;\"><br \/>\nSi el professorat decideix fer \u00fas did\u00e0ctic del m\u00f2bil a l\u2019aula, ho notificar\u00e0 amb dos dies d\u2019antelaci\u00f3 via Ieduca.<\/span><\/div>\n<div><span style=\"font-size: large;\"><br \/>\nA consergeria hi ha un tel\u00e8fon que l\u2019alumnat pot utilitzar en cas d\u2019emerg\u00e8ncia:\u00a0 93 776 07 01<\/span><\/div>\n<div><span style=\"font-size: large;\"><br \/>\n<\/span><span style=\"font-size: large;\">Si tothom col\u00b7labora en el compliment d\u2019aquesta normativa, hi haur\u00e0 una millora de la conviv\u00e8ncia i s\u2019evitaran conflictes innecessaris produ\u00efts per un mal \u00fas dels dispositius electr\u00f2nics. Agra\u00efm<\/span><span style=\"font-size: large;\">\u00a0tamb\u00e9 la col\u00b7laboraci\u00f3 de les fam\u00edlies!<\/span><\/div>\n<\/div>\n<div dir=\"auto\">\n<p>&nbsp;<\/p>\n<\/div>\n","protected":false},"excerpt":{"rendered":"<p>&nbsp;<br \/>\nA partir del curs 2023-2024, l\u2019Institut Guinovarda aposta per esdevenir un ENTORN SENSE M\u00d2BILS.<br \/>\nActualment, pr\u00e0cticament el 100% del nostre alumnat disposa de tel\u00e8fon m\u00f2bil, el qual esdev\u00e9 per a ells una eina amb la qual juguen, es socialitzen i es comuniquen, per\u00f2 al mateix temps&hellip;  <a href=\"https:\/\/agora.xtec.cat\/iesguinovarda\/general\/curs-23-24-institut-lliure-de-mobils\/\" title=\"Read CURS 23-24: INSTITUT LLIURE DE M\u00d2BILS\">Llegeix m\u00e9s\u00bb<\/a><\/p>\n","protected":false},"author":1,"featured_media":0,"comment_status":"open","ping_status":"closed","sticky":false,"template":"","format":"standard","meta":{"_bbp_topic_count":0,"_bbp_reply_count":0,"_bbp_total_topic_count":0,"_bbp_total_reply_count":0,"_bbp_voice_count":0,"_bbp_anonymous_reply_count":0,"_bbp_topic_count_hidden":0,"_bbp_reply_count_hidden":0,"_bbp_forum_subforum_count":0,"footnotes":""},"categories":[1,29],"tags":[],"class_list":["post-4299","post","type-post","status-publish","format-standard","hentry","category-general","category-portada"],"post_mailing_queue_ids":[],"_links":{"self":[{"href":"https:\/\/agora.xtec.cat\/iesguinovarda\/wp-json\/wp\/v2\/posts\/4299","targetHints":{"allow":["GET"]}}],"collection":[{"href":"https:\/\/agora.xtec.cat\/iesguinovarda\/wp-json\/wp\/v2\/posts"}],"about":[{"href":"https:\/\/agora.xtec.cat\/iesguinovarda\/wp-json\/wp\/v2\/types\/post"}],"author":[{"embeddable":true,"href":"https:\/\/agora.xtec.cat\/iesguinovarda\/wp-json\/wp\/v2\/users\/1"}],"replies":[{"embeddable":true,"href":"https:\/\/agora.xtec.cat\/iesguinovarda\/wp-json\/wp\/v2\/comments?post=4299"}],"version-history":[{"count":3,"href":"https:\/\/agora.xtec.cat\/iesguinovarda\/wp-json\/wp\/v2\/posts\/4299\/revisions"}],"predecessor-version":[{"id":4346,"href":"https:\/\/agora.xtec.cat\/iesguinovarda\/wp-json\/wp\/v2\/posts\/4299\/revisions\/4346"}],"wp:attachment":[{"href":"https:\/\/agora.xtec.cat\/iesguinovarda\/wp-json\/wp\/v2\/media?parent=4299"}],"wp:term":[{"taxonomy":"category","embeddable":true,"href":"https:\/\/agora.xtec.cat\/iesguinovarda\/wp-json\/wp\/v2\/categories?post=4299"},{"taxonomy":"post_tag","embeddable":true,"href":"https:\/\/agora.xtec.cat\/iesguinovarda\/wp-json\/wp\/v2\/tags?post=4299"}],"curies":[{"name":"wp","href":"https:\/\/api.w.org\/{rel}","templated":true}]}}