{"id":4271,"date":"2023-07-11T08:50:53","date_gmt":"2023-07-11T06:50:53","guid":{"rendered":"https:\/\/agora.xtec.cat\/iesguinovarda\/?p=4271"},"modified":"2023-07-11T08:52:00","modified_gmt":"2023-07-11T06:52:00","slug":"projecte-reacciona","status":"publish","type":"post","link":"https:\/\/agora.xtec.cat\/iesguinovarda\/portada\/projecte-reacciona\/","title":{"rendered":"PROJECTE REACCIONA"},"content":{"rendered":"<p><span style=\"font-weight: 400;\">Aquest curs un grup de 4t d\u2019ESO ha participat el el <\/span><i><span style=\"font-weight: 400;\">&#8220;Projecte Reacciona&#8221;<\/span><\/i><span style=\"font-weight: 400;\">. La seva finalitat \u00e9s treballar la consci\u00e8ncia social i la cultura de la pau mitjan\u00e7ant la realitzaci\u00f3 d\u2019un curtmetratge per part de l\u2019alumnat.<\/span><\/p>\n<p><span style=\"font-weight: 400;\">Enguany l\u2019alumnat ha triat l&#8217;associaci\u00f3 d&#8217;agermanament entre Igualada &#8211; Nueva Esperanza. Amb el curtmetratge que han gravat han ajudat a fer visible l&#8217;objectiu de l&#8217;associaci\u00f3, que \u00e9s ajudar als joves perqu\u00e8 no acabin en mans de les Mares (grups de m\u00e0fies). Ha sigut especialment emotiu perqu\u00e8\u00a0 l&#8217;associaci\u00f3 feia 30 anys de la seva creaci\u00f3.<\/span><\/p>\n<p><span style=\"font-weight: 400;\">Posteriorment, el 12 de juny es van presentar al CosmoCaixa els curtmetratges del Projecte, fets per diferents instituts de tot catalunya.<\/span><\/p>\n<p><span style=\"font-weight: 400;\">El projecte ha estat tot un \u00e8xit i el curs vinent es repetir\u00e0 l\u2019experi\u00e8ncia.<\/span><\/p>\n<p>&nbsp;<\/p>\n<p>Aqu\u00ed teniu l&#8217;enlla\u00e7 per poder gaudir del <a href=\"https:\/\/youtu.be\/j5wrSqTrADY\">curmetratge<\/a>.<\/p>\n","protected":false},"excerpt":{"rendered":"<p>Aquest curs un grup de 4t d\u2019ESO ha participat el el &#8220;Projecte Reacciona&#8221;. La seva finalitat \u00e9s treballar la consci\u00e8ncia social i la cultura de la pau mitjan\u00e7ant la realitzaci\u00f3 d\u2019un curtmetratge per part de l\u2019alumnat.<br \/>\nEnguany l\u2019alumnat ha triat l&#8217;associaci\u00f3 d&#8217;agermanament entre Igualada &#8211; Nueva&hellip;  <a href=\"https:\/\/agora.xtec.cat\/iesguinovarda\/portada\/projecte-reacciona\/\" title=\"Read PROJECTE REACCIONA\">Llegeix m\u00e9s\u00bb<\/a><\/p>\n","protected":false},"author":1,"featured_media":4272,"comment_status":"open","ping_status":"closed","sticky":false,"template":"","format":"standard","meta":{"_bbp_topic_count":0,"_bbp_reply_count":0,"_bbp_total_topic_count":0,"_bbp_total_reply_count":0,"_bbp_voice_count":0,"_bbp_anonymous_reply_count":0,"_bbp_topic_count_hidden":0,"_bbp_reply_count_hidden":0,"_bbp_forum_subforum_count":0,"footnotes":""},"categories":[29],"tags":[],"class_list":["post-4271","post","type-post","status-publish","format-standard","has-post-thumbnail","hentry","category-portada"],"post_mailing_queue_ids":[],"_links":{"self":[{"href":"https:\/\/agora.xtec.cat\/iesguinovarda\/wp-json\/wp\/v2\/posts\/4271","targetHints":{"allow":["GET"]}}],"collection":[{"href":"https:\/\/agora.xtec.cat\/iesguinovarda\/wp-json\/wp\/v2\/posts"}],"about":[{"href":"https:\/\/agora.xtec.cat\/iesguinovarda\/wp-json\/wp\/v2\/types\/post"}],"author":[{"embeddable":true,"href":"https:\/\/agora.xtec.cat\/iesguinovarda\/wp-json\/wp\/v2\/users\/1"}],"replies":[{"embeddable":true,"href":"https:\/\/agora.xtec.cat\/iesguinovarda\/wp-json\/wp\/v2\/comments?post=4271"}],"version-history":[{"count":1,"href":"https:\/\/agora.xtec.cat\/iesguinovarda\/wp-json\/wp\/v2\/posts\/4271\/revisions"}],"predecessor-version":[{"id":4273,"href":"https:\/\/agora.xtec.cat\/iesguinovarda\/wp-json\/wp\/v2\/posts\/4271\/revisions\/4273"}],"wp:featuredmedia":[{"embeddable":true,"href":"https:\/\/agora.xtec.cat\/iesguinovarda\/wp-json\/wp\/v2\/media\/4272"}],"wp:attachment":[{"href":"https:\/\/agora.xtec.cat\/iesguinovarda\/wp-json\/wp\/v2\/media?parent=4271"}],"wp:term":[{"taxonomy":"category","embeddable":true,"href":"https:\/\/agora.xtec.cat\/iesguinovarda\/wp-json\/wp\/v2\/categories?post=4271"},{"taxonomy":"post_tag","embeddable":true,"href":"https:\/\/agora.xtec.cat\/iesguinovarda\/wp-json\/wp\/v2\/tags?post=4271"}],"curies":[{"name":"wp","href":"https:\/\/api.w.org\/{rel}","templated":true}]}}