{"id":4077,"date":"2023-05-22T20:48:20","date_gmt":"2023-05-22T18:48:20","guid":{"rendered":"https:\/\/agora.xtec.cat\/iesguinovarda\/?p=4077"},"modified":"2023-05-22T20:48:20","modified_gmt":"2023-05-22T18:48:20","slug":"alumnes-de-lins-guinovarda-visiten-gava","status":"publish","type":"post","link":"https:\/\/agora.xtec.cat\/iesguinovarda\/portada\/alumnes-de-lins-guinovarda-visiten-gava\/","title":{"rendered":"ALUMNES DE L\u2019INS GUINOVARDA VISITEN GAV\u00c0"},"content":{"rendered":"<p>Dimecres, 26 d\u2019abril, l\u2019alumnat de primer de Batxillerat Human\u00edstic i Ci\u00e8ncies Socials van visitar el refugi antiaeri de la Rambla i el Museu de Gav\u00e0.<br \/>\nAl llarg del recorregut, van poder con\u00e8ixer la hist\u00f2ria d\u2019aquella \u00e8poca i reviure en primera persona tot el que van sentir els qui s\u2019hi van refugiar.<br \/>\nLa visita al Museu els va introduir en la hist\u00f2ria del territori a trav\u00e9s de sis sales que els condu\u00efren des dels primers habitants fins a l\u2019\u00e8poca contempor\u00e0nia.<br \/>\n\u00c9s una manera d\u2019apostar per la recuperaci\u00f3 de la mem\u00f2ria hist\u00f2rica i per divulgar el patrimoni de la ciutat.<\/p>\n<p><a data-flickr-embed=\"true\" href=\"https:\/\/www.flickr.com\/photos\/insguinovarda\/albums\/72177720308473676\" title=\"Refugi antiaeri de Gav\u00e0 (1BATX)\"><img loading=\"lazy\" decoding=\"async\" src=\"https:\/\/live.staticflickr.com\/65535\/52917613261_f8e6d451f5_z.jpg\" width=\"640\" height=\"480\" alt=\"Refugi antiaeri de Gav\u00e0 (1BATX)\"\/><\/a><script async src=\"\/\/embedr.flickr.com\/assets\/client-code.js\" charset=\"utf-8\"><\/script><\/p>\n","protected":false},"excerpt":{"rendered":"<p>Dimecres, 26 d\u2019abril, l\u2019alumnat de primer de Batxillerat Human\u00edstic i Ci\u00e8ncies Socials van visitar el refugi antiaeri de la Rambla i el Museu de Gav\u00e0.<br \/>\nAl llarg del recorregut, van poder con\u00e8ixer la hist\u00f2ria d\u2019aquella \u00e8poca i reviure en primera persona tot el que van sentir&hellip;  <a href=\"https:\/\/agora.xtec.cat\/iesguinovarda\/portada\/alumnes-de-lins-guinovarda-visiten-gava\/\" title=\"Read ALUMNES DE L\u2019INS GUINOVARDA VISITEN GAV\u00c0\">Llegeix m\u00e9s\u00bb<\/a><\/p>\n","protected":false},"author":5,"featured_media":4078,"comment_status":"closed","ping_status":"closed","sticky":false,"template":"","format":"standard","meta":{"_bbp_topic_count":0,"_bbp_reply_count":0,"_bbp_total_topic_count":0,"_bbp_total_reply_count":0,"_bbp_voice_count":0,"_bbp_anonymous_reply_count":0,"_bbp_topic_count_hidden":0,"_bbp_reply_count_hidden":0,"_bbp_forum_subforum_count":0,"footnotes":""},"categories":[108,29],"tags":[],"class_list":["post-4077","post","type-post","status-publish","format-standard","has-post-thumbnail","hentry","category-batx-1","category-portada"],"post_mailing_queue_ids":[],"_links":{"self":[{"href":"https:\/\/agora.xtec.cat\/iesguinovarda\/wp-json\/wp\/v2\/posts\/4077","targetHints":{"allow":["GET"]}}],"collection":[{"href":"https:\/\/agora.xtec.cat\/iesguinovarda\/wp-json\/wp\/v2\/posts"}],"about":[{"href":"https:\/\/agora.xtec.cat\/iesguinovarda\/wp-json\/wp\/v2\/types\/post"}],"author":[{"embeddable":true,"href":"https:\/\/agora.xtec.cat\/iesguinovarda\/wp-json\/wp\/v2\/users\/5"}],"replies":[{"embeddable":true,"href":"https:\/\/agora.xtec.cat\/iesguinovarda\/wp-json\/wp\/v2\/comments?post=4077"}],"version-history":[{"count":1,"href":"https:\/\/agora.xtec.cat\/iesguinovarda\/wp-json\/wp\/v2\/posts\/4077\/revisions"}],"predecessor-version":[{"id":4079,"href":"https:\/\/agora.xtec.cat\/iesguinovarda\/wp-json\/wp\/v2\/posts\/4077\/revisions\/4079"}],"wp:featuredmedia":[{"embeddable":true,"href":"https:\/\/agora.xtec.cat\/iesguinovarda\/wp-json\/wp\/v2\/media\/4078"}],"wp:attachment":[{"href":"https:\/\/agora.xtec.cat\/iesguinovarda\/wp-json\/wp\/v2\/media?parent=4077"}],"wp:term":[{"taxonomy":"category","embeddable":true,"href":"https:\/\/agora.xtec.cat\/iesguinovarda\/wp-json\/wp\/v2\/categories?post=4077"},{"taxonomy":"post_tag","embeddable":true,"href":"https:\/\/agora.xtec.cat\/iesguinovarda\/wp-json\/wp\/v2\/tags?post=4077"}],"curies":[{"name":"wp","href":"https:\/\/api.w.org\/{rel}","templated":true}]}}