{"id":4067,"date":"2023-05-22T19:47:24","date_gmt":"2023-05-22T17:47:24","guid":{"rendered":"https:\/\/agora.xtec.cat\/iesguinovarda\/?p=4067"},"modified":"2023-05-22T19:47:24","modified_gmt":"2023-05-22T17:47:24","slug":"lequitat-menstrual-arriba-a-linstitut","status":"publish","type":"post","link":"https:\/\/agora.xtec.cat\/iesguinovarda\/eso\/eso-3\/lequitat-menstrual-arriba-a-linstitut\/","title":{"rendered":"L\u2019EQUITAT MENSTRUAL ARRIBA A L\u2019INSTITUT"},"content":{"rendered":"<p>Durant el mesos d\u2019abril i maig, els alumnes de tercer d\u2019ESO i primer de SCOM van participar en un taller sobre equitat menstrual, impartit per professionals del CAP de Piera.<br \/>\nEls van explicar el funcionament dels productes, van aprofundir en qu\u00e8 \u00e9s la menstruaci\u00f3 i en els mites i tab\u00fas que l\u2019envolten, per tal de desestigmatitzar-la. Tamb\u00e9 va servir per resoldre els dubtes que va plantejar l\u2019alumnat sobre l\u2019\u00fas dels productes menstruals.<br \/>\nEl projecte <em>La meva regla, les meves regles<\/em> \u00e9s una iniciativa del Govern de la Generalitat amb l\u2019objectiu de formar en educaci\u00f3 menstrual el jovent, facilitar-los productes menstruals reutilitzables i que les joves puguin escollir el producte amb qu\u00e8 se sentin m\u00e9s c\u00f2modes o el que millor s\u2019ajusti a cada dia del seu cicle menstrual, al mateix temps que  prenguin consci\u00e8ncia de l\u2019impacte ecol\u00f2gic dels productes d\u2019un sol \u00fas.<\/p>\n<p><a data-flickr-embed=\"true\" href=\"https:\/\/www.flickr.com\/photos\/insguinovarda\/albums\/72177720308474590\" title=\"Taller d&#x27;equitat menstrual (3ESO, 1SCOM)\"><img loading=\"lazy\" decoding=\"async\" src=\"https:\/\/live.staticflickr.com\/65535\/52917597844_6f39812f12.jpg\" width=\"640\" height=\"480\" alt=\"Taller d&#x27;equitat menstrual (3ESO, 1SCOM)\"\/><\/a><script async src=\"\/\/embedr.flickr.com\/assets\/client-code.js\" charset=\"utf-8\"><\/script><\/p>\n","protected":false},"excerpt":{"rendered":"<p>Durant el mesos d\u2019abril i maig, els alumnes de tercer d\u2019ESO i primer de SCOM van participar en un taller sobre equitat menstrual, impartit per professionals del CAP de Piera.<br \/>\nEls van explicar el funcionament dels productes, van aprofundir en qu\u00e8 \u00e9s la menstruaci\u00f3 i en&hellip;  <a href=\"https:\/\/agora.xtec.cat\/iesguinovarda\/eso\/eso-3\/lequitat-menstrual-arriba-a-linstitut\/\" title=\"Read L\u2019EQUITAT MENSTRUAL ARRIBA A L\u2019INSTITUT\">Llegeix m\u00e9s\u00bb<\/a><\/p>\n","protected":false},"author":5,"featured_media":4068,"comment_status":"closed","ping_status":"closed","sticky":false,"template":"","format":"standard","meta":{"_bbp_topic_count":0,"_bbp_reply_count":0,"_bbp_total_topic_count":0,"_bbp_total_reply_count":0,"_bbp_voice_count":0,"_bbp_anonymous_reply_count":0,"_bbp_topic_count_hidden":0,"_bbp_reply_count_hidden":0,"_bbp_forum_subforum_count":0,"footnotes":""},"categories":[117,6,29],"tags":[],"class_list":["post-4067","post","type-post","status-publish","format-standard","has-post-thumbnail","hentry","category-1scom","category-eso-3","category-portada"],"post_mailing_queue_ids":[],"_links":{"self":[{"href":"https:\/\/agora.xtec.cat\/iesguinovarda\/wp-json\/wp\/v2\/posts\/4067","targetHints":{"allow":["GET"]}}],"collection":[{"href":"https:\/\/agora.xtec.cat\/iesguinovarda\/wp-json\/wp\/v2\/posts"}],"about":[{"href":"https:\/\/agora.xtec.cat\/iesguinovarda\/wp-json\/wp\/v2\/types\/post"}],"author":[{"embeddable":true,"href":"https:\/\/agora.xtec.cat\/iesguinovarda\/wp-json\/wp\/v2\/users\/5"}],"replies":[{"embeddable":true,"href":"https:\/\/agora.xtec.cat\/iesguinovarda\/wp-json\/wp\/v2\/comments?post=4067"}],"version-history":[{"count":1,"href":"https:\/\/agora.xtec.cat\/iesguinovarda\/wp-json\/wp\/v2\/posts\/4067\/revisions"}],"predecessor-version":[{"id":4069,"href":"https:\/\/agora.xtec.cat\/iesguinovarda\/wp-json\/wp\/v2\/posts\/4067\/revisions\/4069"}],"wp:featuredmedia":[{"embeddable":true,"href":"https:\/\/agora.xtec.cat\/iesguinovarda\/wp-json\/wp\/v2\/media\/4068"}],"wp:attachment":[{"href":"https:\/\/agora.xtec.cat\/iesguinovarda\/wp-json\/wp\/v2\/media?parent=4067"}],"wp:term":[{"taxonomy":"category","embeddable":true,"href":"https:\/\/agora.xtec.cat\/iesguinovarda\/wp-json\/wp\/v2\/categories?post=4067"},{"taxonomy":"post_tag","embeddable":true,"href":"https:\/\/agora.xtec.cat\/iesguinovarda\/wp-json\/wp\/v2\/tags?post=4067"}],"curies":[{"name":"wp","href":"https:\/\/api.w.org\/{rel}","templated":true}]}}