{"id":4013,"date":"2023-04-24T14:08:54","date_gmt":"2023-04-24T12:08:54","guid":{"rendered":"https:\/\/agora.xtec.cat\/iesguinovarda\/?p=4013"},"modified":"2023-04-24T14:31:49","modified_gmt":"2023-04-24T12:31:49","slug":"xocalata-i-cava-combinen-a-la-perfeccio","status":"publish","type":"post","link":"https:\/\/agora.xtec.cat\/iesguinovarda\/eso\/eso-3\/xocalata-i-cava-combinen-a-la-perfeccio\/","title":{"rendered":"XOCALATA I CAVA COMBINEN A LA PERFECCI\u00d3!"},"content":{"rendered":"<p>Divendres, 31 de mar\u00e7, els alumnes de 3r d\u2019ESO van visitar Sim\u00f3n Coll Xocolaters i les Caves Freixenet de Sant Sadurn\u00ed d\u2019Anoia.<br \/>\nA l\u2019Espai Xocolata, van veure com s\u2019elabora la xocolata i van aprendre a degustar-la fent-ne un tast. I als cellers centenaris, van descobrir el proc\u00e9s d\u2019elaboraci\u00f3 del cava, detalls de la zona vin\u00edcola i la hist\u00f2ria de Freixenet. En acabar, l\u2019alumnat i el professorat van fer un tastet de most i cava.<\/p>\n<p><a data-flickr-embed=\"true\" href=\"https:\/\/www.flickr.com\/photos\/insguinovarda\/albums\/72177720307738261\" title=\"Espai Xocolata Sim\u00f3n Coll i Caves Freixenet (3ESO)\"><img loading=\"lazy\" decoding=\"async\" src=\"https:\/\/live.staticflickr.com\/65535\/52842356829_83d8f49a81_z.jpg\" width=\"640\" height=\"480\" alt=\"Espai Xocolata Sim\u00f3n Coll i Caves Freixenet (3ESO)\"\/><\/a><script async src=\"\/\/embedr.flickr.com\/assets\/client-code.js\" charset=\"utf-8\"><\/script><\/p>\n","protected":false},"excerpt":{"rendered":"<p>Divendres, 31 de mar\u00e7, els alumnes de 3r d\u2019ESO van visitar Sim\u00f3n Coll Xocolaters i les Caves Freixenet de Sant Sadurn\u00ed d\u2019Anoia.<br \/>\nA l\u2019Espai Xocolata, van veure com s\u2019elabora la xocolata i van aprendre a degustar-la fent-ne un tast. I als cellers centenaris, van descobrir el&hellip;  <a href=\"https:\/\/agora.xtec.cat\/iesguinovarda\/eso\/eso-3\/xocalata-i-cava-combinen-a-la-perfeccio\/\" title=\"Read XOCALATA I CAVA COMBINEN A LA PERFECCI\u00d3!\">Llegeix m\u00e9s\u00bb<\/a><\/p>\n","protected":false},"author":5,"featured_media":4014,"comment_status":"closed","ping_status":"closed","sticky":false,"template":"","format":"standard","meta":{"_bbp_topic_count":0,"_bbp_reply_count":0,"_bbp_total_topic_count":0,"_bbp_total_reply_count":0,"_bbp_voice_count":0,"_bbp_anonymous_reply_count":0,"_bbp_topic_count_hidden":0,"_bbp_reply_count_hidden":0,"_bbp_forum_subforum_count":0,"footnotes":""},"categories":[6,29],"tags":[],"class_list":["post-4013","post","type-post","status-publish","format-standard","has-post-thumbnail","hentry","category-eso-3","category-portada"],"post_mailing_queue_ids":[],"_links":{"self":[{"href":"https:\/\/agora.xtec.cat\/iesguinovarda\/wp-json\/wp\/v2\/posts\/4013","targetHints":{"allow":["GET"]}}],"collection":[{"href":"https:\/\/agora.xtec.cat\/iesguinovarda\/wp-json\/wp\/v2\/posts"}],"about":[{"href":"https:\/\/agora.xtec.cat\/iesguinovarda\/wp-json\/wp\/v2\/types\/post"}],"author":[{"embeddable":true,"href":"https:\/\/agora.xtec.cat\/iesguinovarda\/wp-json\/wp\/v2\/users\/5"}],"replies":[{"embeddable":true,"href":"https:\/\/agora.xtec.cat\/iesguinovarda\/wp-json\/wp\/v2\/comments?post=4013"}],"version-history":[{"count":1,"href":"https:\/\/agora.xtec.cat\/iesguinovarda\/wp-json\/wp\/v2\/posts\/4013\/revisions"}],"predecessor-version":[{"id":4015,"href":"https:\/\/agora.xtec.cat\/iesguinovarda\/wp-json\/wp\/v2\/posts\/4013\/revisions\/4015"}],"wp:featuredmedia":[{"embeddable":true,"href":"https:\/\/agora.xtec.cat\/iesguinovarda\/wp-json\/wp\/v2\/media\/4014"}],"wp:attachment":[{"href":"https:\/\/agora.xtec.cat\/iesguinovarda\/wp-json\/wp\/v2\/media?parent=4013"}],"wp:term":[{"taxonomy":"category","embeddable":true,"href":"https:\/\/agora.xtec.cat\/iesguinovarda\/wp-json\/wp\/v2\/categories?post=4013"},{"taxonomy":"post_tag","embeddable":true,"href":"https:\/\/agora.xtec.cat\/iesguinovarda\/wp-json\/wp\/v2\/tags?post=4013"}],"curies":[{"name":"wp","href":"https:\/\/api.w.org\/{rel}","templated":true}]}}