{"id":4010,"date":"2023-04-24T14:00:15","date_gmt":"2023-04-24T12:00:15","guid":{"rendered":"https:\/\/agora.xtec.cat\/iesguinovarda\/?p=4010"},"modified":"2023-04-24T14:00:15","modified_gmt":"2023-04-24T12:00:15","slug":"les-matematiques-surten-al-carrer","status":"publish","type":"post","link":"https:\/\/agora.xtec.cat\/iesguinovarda\/eso\/eso-2\/les-matematiques-surten-al-carrer\/","title":{"rendered":"LES MATEM\u00c0TIQUES SURTEN AL CARRER"},"content":{"rendered":"<p>Divendres, 31 de mar\u00e7, l&#8217;alumnat de segon d\u2019ESO va visitar la Barcelona medieval per posar en pr\u00e0ctica l&#8217;apr\u00e8s a l&#8217;assignatura de Matem\u00e0tiques.<br \/>\nDurant el recorregut, van realitzar c\u00e0lculs sobre les mesures de Santa Maria del Mar, la densitat de poblaci\u00f3 de la ciutat medieval, la capacitat d&#8217;un pou&#8230;<br \/>\nRecalculem la Barcelona medieval va ser una activitat molt interessant, que va combinar les Matem\u00e0tiques amb la Hist\u00f2ria i la Hist\u00f2ria de l\u2019Art.<\/p>\n<p><a data-flickr-embed=\"true\" href=\"https:\/\/www.flickr.com\/photos\/insguinovarda\/albums\/72177720307753509\" title=\"Recalculem la Barcelona medieval (2ESO)\"><img loading=\"lazy\" decoding=\"async\" src=\"https:\/\/live.staticflickr.com\/65535\/52841573542_dddb722dcd_z.jpg\" width=\"640\" height=\"480\" alt=\"Recalculem la Barcelona medieval (2ESO)\"\/><\/a><script async src=\"\/\/embedr.flickr.com\/assets\/client-code.js\" charset=\"utf-8\"><\/script><\/p>\n","protected":false},"excerpt":{"rendered":"<p>Divendres, 31 de mar\u00e7, l&#8217;alumnat de segon d\u2019ESO va visitar la Barcelona medieval per posar en pr\u00e0ctica l&#8217;apr\u00e8s a l&#8217;assignatura de Matem\u00e0tiques.<br \/>\nDurant el recorregut, van realitzar c\u00e0lculs sobre les mesures de Santa Maria del Mar, la densitat de poblaci\u00f3 de la ciutat medieval, la capacitat&hellip;  <a href=\"https:\/\/agora.xtec.cat\/iesguinovarda\/eso\/eso-2\/les-matematiques-surten-al-carrer\/\" title=\"Read LES MATEM\u00c0TIQUES SURTEN AL CARRER\">Llegeix m\u00e9s\u00bb<\/a><\/p>\n","protected":false},"author":5,"featured_media":4011,"comment_status":"closed","ping_status":"closed","sticky":false,"template":"","format":"standard","meta":{"_bbp_topic_count":0,"_bbp_reply_count":0,"_bbp_total_topic_count":0,"_bbp_total_reply_count":0,"_bbp_voice_count":0,"_bbp_anonymous_reply_count":0,"_bbp_topic_count_hidden":0,"_bbp_reply_count_hidden":0,"_bbp_forum_subforum_count":0,"footnotes":""},"categories":[5,29],"tags":[],"class_list":["post-4010","post","type-post","status-publish","format-standard","has-post-thumbnail","hentry","category-eso-2","category-portada"],"post_mailing_queue_ids":[],"_links":{"self":[{"href":"https:\/\/agora.xtec.cat\/iesguinovarda\/wp-json\/wp\/v2\/posts\/4010","targetHints":{"allow":["GET"]}}],"collection":[{"href":"https:\/\/agora.xtec.cat\/iesguinovarda\/wp-json\/wp\/v2\/posts"}],"about":[{"href":"https:\/\/agora.xtec.cat\/iesguinovarda\/wp-json\/wp\/v2\/types\/post"}],"author":[{"embeddable":true,"href":"https:\/\/agora.xtec.cat\/iesguinovarda\/wp-json\/wp\/v2\/users\/5"}],"replies":[{"embeddable":true,"href":"https:\/\/agora.xtec.cat\/iesguinovarda\/wp-json\/wp\/v2\/comments?post=4010"}],"version-history":[{"count":1,"href":"https:\/\/agora.xtec.cat\/iesguinovarda\/wp-json\/wp\/v2\/posts\/4010\/revisions"}],"predecessor-version":[{"id":4012,"href":"https:\/\/agora.xtec.cat\/iesguinovarda\/wp-json\/wp\/v2\/posts\/4010\/revisions\/4012"}],"wp:featuredmedia":[{"embeddable":true,"href":"https:\/\/agora.xtec.cat\/iesguinovarda\/wp-json\/wp\/v2\/media\/4011"}],"wp:attachment":[{"href":"https:\/\/agora.xtec.cat\/iesguinovarda\/wp-json\/wp\/v2\/media?parent=4010"}],"wp:term":[{"taxonomy":"category","embeddable":true,"href":"https:\/\/agora.xtec.cat\/iesguinovarda\/wp-json\/wp\/v2\/categories?post=4010"},{"taxonomy":"post_tag","embeddable":true,"href":"https:\/\/agora.xtec.cat\/iesguinovarda\/wp-json\/wp\/v2\/tags?post=4010"}],"curies":[{"name":"wp","href":"https:\/\/api.w.org\/{rel}","templated":true}]}}