{"id":3983,"date":"2023-04-18T10:32:55","date_gmt":"2023-04-18T08:32:55","guid":{"rendered":"https:\/\/agora.xtec.cat\/iesguinovarda\/?p=3983"},"modified":"2023-05-11T08:57:01","modified_gmt":"2023-05-11T06:57:01","slug":"preinscripcio-batxillerat-2","status":"publish","type":"post","link":"https:\/\/agora.xtec.cat\/iesguinovarda\/general\/preinscripcio-batxillerat-2\/","title":{"rendered":"Preinscripci\u00f3 Batxillerat"},"content":{"rendered":"<p><strong>Del 19 al 25 d&#8217;abril<\/strong> estar\u00e0 obert el termini de preinscripci\u00f3 al Batxillerat, per als alumnes que venen d&#8217;altres centres.<\/p>\n<p>L&#8217;alumnat que est\u00e0 fent 4t d&#8217;ESO al nostre Institut no ha de fer preinscripci\u00f3. Properament donarem instruccions per reservar la pla\u00e7a.<\/p>\n<p>Trobareu tota la informaci\u00f3 en l&#8217;apartat seg\u00fcent:\u00a0<a href=\"https:\/\/agora.xtec.cat\/iesguinovarda\/categoria-secretaria\/preinscripcio-batxillerat\/\" target=\"_blank\" rel=\"noopener\">https:\/\/agora.xtec.cat\/iesguinovarda\/categoria-secretaria\/preinscripcio-batxillerat\/<\/a><\/p>\n<p>&nbsp;<\/p>\n<p>&nbsp;<\/p>\n<p><a href=\"https:\/\/agora.xtec.cat\/iesguinovarda\/wp-content\/uploads\/usu579\/2023\/04\/science-gad4db433f_1280.png\"><img loading=\"lazy\" decoding=\"async\" class=\"alignnone size-large wp-image-3985\" src=\"https:\/\/agora.xtec.cat\/iesguinovarda\/wp-content\/uploads\/usu579\/2023\/04\/science-gad4db433f_1280-1024x661.png\" alt=\"\" width=\"1024\" height=\"661\" srcset=\"https:\/\/agora.xtec.cat\/iesguinovarda\/wp-content\/uploads\/usu579\/2023\/04\/science-gad4db433f_1280-1024x661.png 1024w, https:\/\/agora.xtec.cat\/iesguinovarda\/wp-content\/uploads\/usu579\/2023\/04\/science-gad4db433f_1280-300x194.png 300w, https:\/\/agora.xtec.cat\/iesguinovarda\/wp-content\/uploads\/usu579\/2023\/04\/science-gad4db433f_1280-768x496.png 768w, https:\/\/agora.xtec.cat\/iesguinovarda\/wp-content\/uploads\/usu579\/2023\/04\/science-gad4db433f_1280.png 1280w\" sizes=\"auto, (max-width: 1024px) 100vw, 1024px\" \/><\/a><\/p>\n","protected":false},"excerpt":{"rendered":"<p>Del 19 al 25 d&#8217;abril estar\u00e0 obert el termini de preinscripci\u00f3 al Batxillerat, per als alumnes que venen d&#8217;altres centres.<br \/>\nL&#8217;alumnat que est\u00e0 fent 4t d&#8217;ESO al nostre Institut no ha de fer preinscripci\u00f3. Properament donarem instruccions per reservar la pla\u00e7a.<br \/>\nTrobareu tota la informaci\u00f3 en l&#8217;apartat&hellip;  <a href=\"https:\/\/agora.xtec.cat\/iesguinovarda\/general\/preinscripcio-batxillerat-2\/\" title=\"Read Preinscripci\u00f3 Batxillerat\">Llegeix m\u00e9s\u00bb<\/a><\/p>\n","protected":false},"author":3,"featured_media":3985,"comment_status":"closed","ping_status":"closed","sticky":false,"template":"","format":"standard","meta":{"_bbp_topic_count":0,"_bbp_reply_count":0,"_bbp_total_topic_count":0,"_bbp_total_reply_count":0,"_bbp_voice_count":0,"_bbp_anonymous_reply_count":0,"_bbp_topic_count_hidden":0,"_bbp_reply_count_hidden":0,"_bbp_forum_subforum_count":0,"footnotes":""},"categories":[1,29,105],"tags":[],"class_list":["post-3983","post","type-post","status-publish","format-standard","has-post-thumbnail","hentry","category-general","category-portada","category-secretaria"],"post_mailing_queue_ids":[],"_links":{"self":[{"href":"https:\/\/agora.xtec.cat\/iesguinovarda\/wp-json\/wp\/v2\/posts\/3983","targetHints":{"allow":["GET"]}}],"collection":[{"href":"https:\/\/agora.xtec.cat\/iesguinovarda\/wp-json\/wp\/v2\/posts"}],"about":[{"href":"https:\/\/agora.xtec.cat\/iesguinovarda\/wp-json\/wp\/v2\/types\/post"}],"author":[{"embeddable":true,"href":"https:\/\/agora.xtec.cat\/iesguinovarda\/wp-json\/wp\/v2\/users\/3"}],"replies":[{"embeddable":true,"href":"https:\/\/agora.xtec.cat\/iesguinovarda\/wp-json\/wp\/v2\/comments?post=3983"}],"version-history":[{"count":3,"href":"https:\/\/agora.xtec.cat\/iesguinovarda\/wp-json\/wp\/v2\/posts\/3983\/revisions"}],"predecessor-version":[{"id":3991,"href":"https:\/\/agora.xtec.cat\/iesguinovarda\/wp-json\/wp\/v2\/posts\/3983\/revisions\/3991"}],"wp:featuredmedia":[{"embeddable":true,"href":"https:\/\/agora.xtec.cat\/iesguinovarda\/wp-json\/wp\/v2\/media\/3985"}],"wp:attachment":[{"href":"https:\/\/agora.xtec.cat\/iesguinovarda\/wp-json\/wp\/v2\/media?parent=3983"}],"wp:term":[{"taxonomy":"category","embeddable":true,"href":"https:\/\/agora.xtec.cat\/iesguinovarda\/wp-json\/wp\/v2\/categories?post=3983"},{"taxonomy":"post_tag","embeddable":true,"href":"https:\/\/agora.xtec.cat\/iesguinovarda\/wp-json\/wp\/v2\/tags?post=3983"}],"curies":[{"name":"wp","href":"https:\/\/api.w.org\/{rel}","templated":true}]}}