{"id":3973,"date":"2023-04-17T20:52:56","date_gmt":"2023-04-17T18:52:56","guid":{"rendered":"https:\/\/agora.xtec.cat\/iesguinovarda\/?p=3973"},"modified":"2023-04-17T20:52:56","modified_gmt":"2023-04-17T18:52:56","slug":"i-si-provem-a-lestranger","status":"publish","type":"post","link":"https:\/\/agora.xtec.cat\/iesguinovarda\/batxillerat\/i-si-provem-a-lestranger\/","title":{"rendered":"I SI PROVEM A L\u2019ESTRANGER?"},"content":{"rendered":"<p>Durant el mes de mar\u00e7, l\u2019alumnat de Batxillerat i de segon de CFGM de l\u2019INS Guinovarda van assistir a un taller sobre Mobilitat Internacional, organitzat per l\u2019Oficina Jove de l\u2019Anoia.<br \/>\nEl taller va ser dirigit per una t\u00e8cnica de joventut de l\u2019OJ que va oferir-los informaci\u00f3, orientaci\u00f3 i assessorament sobre viatges i estades a l\u2019estranger (camps de treball, intercanvis, voluntariat, estades d\u2019estiu, turisme alternatiu&#8230;), ja sigui per motius acad\u00e8mics, laborals o d\u2019oci.<br \/>\nL\u2019activitat va ser molt din\u00e0mica i l\u2019alumnat va intercanviar inquietuds i experi\u00e8ncies amb la formadora i van poder recollir tot un ventall d\u2019informaci\u00f3 i ampliar coneixements i experi\u00e8ncies \u00faniques.<br \/>\nL\u2019alumnat va tenir l\u2019oportunitat de con\u00e8ixer aquest recurs que s\u2019ofereix a la comarca de l\u2019Anoia i resoldre qualsevol dubte sobre qu\u00e8 haurien de fer si algun cop volen estudiar a l\u2019estranger.<\/p>\n<p><a data-flickr-embed=\"true\" href=\"https:\/\/www.flickr.com\/photos\/insguinovarda\/albums\/72177720307588803\" title=\"Mobilitat internacional (12BATX, 2CFGM)\"><img loading=\"lazy\" decoding=\"async\" src=\"https:\/\/live.staticflickr.com\/65535\/52825555290_b884334927.jpg\" width=\"640\" height=\"480\" alt=\"Mobilitat internacional (12BATX, 2CFGM)\"\/><\/a><script async src=\"\/\/embedr.flickr.com\/assets\/client-code.js\" charset=\"utf-8\"><\/script><\/p>\n","protected":false},"excerpt":{"rendered":"<p>Durant el mes de mar\u00e7, l\u2019alumnat de Batxillerat i de segon de CFGM de l\u2019INS Guinovarda van assistir a un taller sobre Mobilitat Internacional, organitzat per l\u2019Oficina Jove de l\u2019Anoia.<br \/>\nEl taller va ser dirigit per una t\u00e8cnica de joventut de l\u2019OJ que va oferir-los informaci\u00f3,&hellip;  <a href=\"https:\/\/agora.xtec.cat\/iesguinovarda\/batxillerat\/i-si-provem-a-lestranger\/\" title=\"Read I SI PROVEM A L\u2019ESTRANGER?\">Llegeix m\u00e9s\u00bb<\/a><\/p>\n","protected":false},"author":5,"featured_media":3974,"comment_status":"closed","ping_status":"closed","sticky":false,"template":"","format":"standard","meta":{"_bbp_topic_count":0,"_bbp_reply_count":0,"_bbp_total_topic_count":0,"_bbp_total_reply_count":0,"_bbp_voice_count":0,"_bbp_anonymous_reply_count":0,"_bbp_topic_count_hidden":0,"_bbp_reply_count_hidden":0,"_bbp_forum_subforum_count":0,"footnotes":""},"categories":[8,29,113,111],"tags":[],"class_list":["post-3973","post","type-post","status-publish","format-standard","has-post-thumbnail","hentry","category-batxillerat","category-portada","category-smx-2","category-tapsd-2"],"post_mailing_queue_ids":[],"_links":{"self":[{"href":"https:\/\/agora.xtec.cat\/iesguinovarda\/wp-json\/wp\/v2\/posts\/3973","targetHints":{"allow":["GET"]}}],"collection":[{"href":"https:\/\/agora.xtec.cat\/iesguinovarda\/wp-json\/wp\/v2\/posts"}],"about":[{"href":"https:\/\/agora.xtec.cat\/iesguinovarda\/wp-json\/wp\/v2\/types\/post"}],"author":[{"embeddable":true,"href":"https:\/\/agora.xtec.cat\/iesguinovarda\/wp-json\/wp\/v2\/users\/5"}],"replies":[{"embeddable":true,"href":"https:\/\/agora.xtec.cat\/iesguinovarda\/wp-json\/wp\/v2\/comments?post=3973"}],"version-history":[{"count":1,"href":"https:\/\/agora.xtec.cat\/iesguinovarda\/wp-json\/wp\/v2\/posts\/3973\/revisions"}],"predecessor-version":[{"id":3975,"href":"https:\/\/agora.xtec.cat\/iesguinovarda\/wp-json\/wp\/v2\/posts\/3973\/revisions\/3975"}],"wp:featuredmedia":[{"embeddable":true,"href":"https:\/\/agora.xtec.cat\/iesguinovarda\/wp-json\/wp\/v2\/media\/3974"}],"wp:attachment":[{"href":"https:\/\/agora.xtec.cat\/iesguinovarda\/wp-json\/wp\/v2\/media?parent=3973"}],"wp:term":[{"taxonomy":"category","embeddable":true,"href":"https:\/\/agora.xtec.cat\/iesguinovarda\/wp-json\/wp\/v2\/categories?post=3973"},{"taxonomy":"post_tag","embeddable":true,"href":"https:\/\/agora.xtec.cat\/iesguinovarda\/wp-json\/wp\/v2\/tags?post=3973"}],"curies":[{"name":"wp","href":"https:\/\/api.w.org\/{rel}","templated":true}]}}