{"id":3955,"date":"2023-04-06T20:04:10","date_gmt":"2023-04-06T18:04:10","guid":{"rendered":"https:\/\/agora.xtec.cat\/iesguinovarda\/?p=3955"},"modified":"2023-04-06T20:04:10","modified_gmt":"2023-04-06T18:04:10","slug":"tambe-hem-de-parlar-del-dol","status":"publish","type":"post","link":"https:\/\/agora.xtec.cat\/iesguinovarda\/portada\/tambe-hem-de-parlar-del-dol\/","title":{"rendered":"TAMB\u00c9 HEM DE PARLAR DEL DOL"},"content":{"rendered":"<p>Dimecres, 15 de mar\u00e7, els alumnes de primer de TAPSD van assistir a una xerrada sobre el dol, impartida per la Teresa Garcia, tanat\u00f2loga.<br \/>\n Com a futures professionals, vam aprendre la manera d\u2019acompanyar el proc\u00e9s de dol dels\/les nostres usuaris\/es.<br \/>\nVa basar la xerrada en els dubtes o preguntes m\u00e9s freq\u00fcents que, com a professionals, ens podem trobar quan les persones estan al final de la seva etapa vital o estan patint un proc\u00e9s de dol.<\/p>\n<p><a data-flickr-embed=\"true\" href=\"https:\/\/www.flickr.com\/photos\/insguinovarda\/albums\/72177720307298261\" title=\"Xerrada sobre el dol (1TAPSD)\"><img loading=\"lazy\" decoding=\"async\" src=\"https:\/\/live.staticflickr.com\/65535\/52798106201_0bbcb26dd8_z.jpg\" width=\"640\" height=\"480\" alt=\"Xerrada sobre el dol (1TAPSD)\"\/><\/a><script async src=\"\/\/embedr.flickr.com\/assets\/client-code.js\" charset=\"utf-8\"><\/script><\/p>\n","protected":false},"excerpt":{"rendered":"<p>Dimecres, 15 de mar\u00e7, els alumnes de primer de TAPSD van assistir a una xerrada sobre el dol, impartida per la Teresa Garcia, tanat\u00f2loga.<br \/>\n Com a futures professionals, vam aprendre la manera d\u2019acompanyar el proc\u00e9s de dol dels\/les nostres usuaris\/es.<br \/>\nVa basar la xerrada en els&hellip;  <a href=\"https:\/\/agora.xtec.cat\/iesguinovarda\/portada\/tambe-hem-de-parlar-del-dol\/\" title=\"Read TAMB\u00c9 HEM DE PARLAR DEL DOL\">Llegeix m\u00e9s\u00bb<\/a><\/p>\n","protected":false},"author":5,"featured_media":3956,"comment_status":"closed","ping_status":"closed","sticky":false,"template":"","format":"standard","meta":{"_bbp_topic_count":0,"_bbp_reply_count":0,"_bbp_total_topic_count":0,"_bbp_total_reply_count":0,"_bbp_voice_count":0,"_bbp_anonymous_reply_count":0,"_bbp_topic_count_hidden":0,"_bbp_reply_count_hidden":0,"_bbp_forum_subforum_count":0,"footnotes":""},"categories":[29,110],"tags":[],"class_list":["post-3955","post","type-post","status-publish","format-standard","has-post-thumbnail","hentry","category-portada","category-tapsd-1"],"post_mailing_queue_ids":[],"_links":{"self":[{"href":"https:\/\/agora.xtec.cat\/iesguinovarda\/wp-json\/wp\/v2\/posts\/3955","targetHints":{"allow":["GET"]}}],"collection":[{"href":"https:\/\/agora.xtec.cat\/iesguinovarda\/wp-json\/wp\/v2\/posts"}],"about":[{"href":"https:\/\/agora.xtec.cat\/iesguinovarda\/wp-json\/wp\/v2\/types\/post"}],"author":[{"embeddable":true,"href":"https:\/\/agora.xtec.cat\/iesguinovarda\/wp-json\/wp\/v2\/users\/5"}],"replies":[{"embeddable":true,"href":"https:\/\/agora.xtec.cat\/iesguinovarda\/wp-json\/wp\/v2\/comments?post=3955"}],"version-history":[{"count":1,"href":"https:\/\/agora.xtec.cat\/iesguinovarda\/wp-json\/wp\/v2\/posts\/3955\/revisions"}],"predecessor-version":[{"id":3957,"href":"https:\/\/agora.xtec.cat\/iesguinovarda\/wp-json\/wp\/v2\/posts\/3955\/revisions\/3957"}],"wp:featuredmedia":[{"embeddable":true,"href":"https:\/\/agora.xtec.cat\/iesguinovarda\/wp-json\/wp\/v2\/media\/3956"}],"wp:attachment":[{"href":"https:\/\/agora.xtec.cat\/iesguinovarda\/wp-json\/wp\/v2\/media?parent=3955"}],"wp:term":[{"taxonomy":"category","embeddable":true,"href":"https:\/\/agora.xtec.cat\/iesguinovarda\/wp-json\/wp\/v2\/categories?post=3955"},{"taxonomy":"post_tag","embeddable":true,"href":"https:\/\/agora.xtec.cat\/iesguinovarda\/wp-json\/wp\/v2\/tags?post=3955"}],"curies":[{"name":"wp","href":"https:\/\/api.w.org\/{rel}","templated":true}]}}