{"id":3800,"date":"2023-03-01T10:46:58","date_gmt":"2023-03-01T09:46:58","guid":{"rendered":"https:\/\/agora.xtec.cat\/iesguinovarda\/?p=3800"},"modified":"2023-03-30T10:45:16","modified_gmt":"2023-03-30T08:45:16","slug":"preinscripcio-eso-2023-2024","status":"publish","type":"post","link":"https:\/\/agora.xtec.cat\/iesguinovarda\/portada\/preinscripcio-eso-2023-2024\/","title":{"rendered":"PREINSCRIPCI\u00d3 ESO 2023-2024"},"content":{"rendered":"<p>Preinscripci\u00f3 ESO curs 2023-2024:<strong> del 8 al 20 de mar\u00e7<\/strong>.<\/p>\n<p>Consulteu tota la informaci\u00f3 en aquest enlla\u00e7:\u00a0<a href=\"https:\/\/agora.xtec.cat\/iesguinovarda\/categoria-secretaria\/preinscripcio-eso\/\" target=\"_blank\" rel=\"noopener\">https:\/\/agora.xtec.cat\/iesguinovarda\/categoria-secretaria\/preinscripcio-eso\/<\/a><\/p>\n<p><a href=\"https:\/\/agora.xtec.cat\/iesguinovarda\/wp-content\/uploads\/usu579\/2023\/03\/imagen-1.jpg\"><img loading=\"lazy\" decoding=\"async\" class=\"alignnone size-full wp-image-3830\" src=\"https:\/\/agora.xtec.cat\/iesguinovarda\/wp-content\/uploads\/usu579\/2023\/03\/imagen-1.jpg\" alt=\"\" width=\"700\" height=\"466\" srcset=\"https:\/\/agora.xtec.cat\/iesguinovarda\/wp-content\/uploads\/usu579\/2023\/03\/imagen-1.jpg 700w, https:\/\/agora.xtec.cat\/iesguinovarda\/wp-content\/uploads\/usu579\/2023\/03\/imagen-1-300x200.jpg 300w\" sizes=\"auto, (max-width: 700px) 100vw, 700px\" \/><\/a><\/p>\n","protected":false},"excerpt":{"rendered":"<p>Preinscripci\u00f3 ESO curs 2023-2024: del 8 al 20 de mar\u00e7.<br \/>\nConsulteu tota la informaci\u00f3 en aquest enlla\u00e7:\u00a0<a href=\"https:\/\/agora.xtec.cat\/iesguinovarda\/categoria-secretaria\/preinscripcio-eso\/\" target=\"_blank\" rel=\"noopener\">https:\/\/agora.xtec.cat\/iesguinovarda\/categoria-secretaria\/preinscripcio-eso\/<\/a><br \/>\n<a href=\"https:\/\/agora.xtec.cat\/iesguinovarda\/wp-content\/uploads\/usu579\/2023\/03\/imagen-1.jpg\"><\/a><\/p>\n","protected":false},"author":3,"featured_media":3830,"comment_status":"closed","ping_status":"closed","sticky":false,"template":"","format":"standard","meta":{"_bbp_topic_count":0,"_bbp_reply_count":0,"_bbp_total_topic_count":0,"_bbp_total_reply_count":0,"_bbp_voice_count":0,"_bbp_anonymous_reply_count":0,"_bbp_topic_count_hidden":0,"_bbp_reply_count_hidden":0,"_bbp_forum_subforum_count":0,"footnotes":""},"categories":[29,105],"tags":[],"class_list":["post-3800","post","type-post","status-publish","format-standard","has-post-thumbnail","hentry","category-portada","category-secretaria"],"post_mailing_queue_ids":[],"_links":{"self":[{"href":"https:\/\/agora.xtec.cat\/iesguinovarda\/wp-json\/wp\/v2\/posts\/3800","targetHints":{"allow":["GET"]}}],"collection":[{"href":"https:\/\/agora.xtec.cat\/iesguinovarda\/wp-json\/wp\/v2\/posts"}],"about":[{"href":"https:\/\/agora.xtec.cat\/iesguinovarda\/wp-json\/wp\/v2\/types\/post"}],"author":[{"embeddable":true,"href":"https:\/\/agora.xtec.cat\/iesguinovarda\/wp-json\/wp\/v2\/users\/3"}],"replies":[{"embeddable":true,"href":"https:\/\/agora.xtec.cat\/iesguinovarda\/wp-json\/wp\/v2\/comments?post=3800"}],"version-history":[{"count":2,"href":"https:\/\/agora.xtec.cat\/iesguinovarda\/wp-json\/wp\/v2\/posts\/3800\/revisions"}],"predecessor-version":[{"id":3840,"href":"https:\/\/agora.xtec.cat\/iesguinovarda\/wp-json\/wp\/v2\/posts\/3800\/revisions\/3840"}],"wp:featuredmedia":[{"embeddable":true,"href":"https:\/\/agora.xtec.cat\/iesguinovarda\/wp-json\/wp\/v2\/media\/3830"}],"wp:attachment":[{"href":"https:\/\/agora.xtec.cat\/iesguinovarda\/wp-json\/wp\/v2\/media?parent=3800"}],"wp:term":[{"taxonomy":"category","embeddable":true,"href":"https:\/\/agora.xtec.cat\/iesguinovarda\/wp-json\/wp\/v2\/categories?post=3800"},{"taxonomy":"post_tag","embeddable":true,"href":"https:\/\/agora.xtec.cat\/iesguinovarda\/wp-json\/wp\/v2\/tags?post=3800"}],"curies":[{"name":"wp","href":"https:\/\/api.w.org\/{rel}","templated":true}]}}