{"id":3751,"date":"2023-02-18T07:20:50","date_gmt":"2023-02-18T06:20:50","guid":{"rendered":"https:\/\/agora.xtec.cat\/iesguinovarda\/?p=3751"},"modified":"2023-02-18T07:20:50","modified_gmt":"2023-02-18T06:20:50","slug":"tapsd-visita-la-fundacio-auria","status":"publish","type":"post","link":"https:\/\/agora.xtec.cat\/iesguinovarda\/portada\/tapsd-visita-la-fundacio-auria\/","title":{"rendered":"TAPSD VISITA LA FUNDACI\u00d3 \u00c0URIA"},"content":{"rendered":"<p>Dilluns, 6 de febrer, els alumnes de 1r de TAPSD van anar a la Fundaci\u00f3 \u00c0uria d&#8217;Igualada. Va ser una experi\u00e8ncia molt interessant i una gran oportunitat per veure de m\u00e9s a prop els serveis que tenen les persones amb diversitat funcional intel\u00b7lectual. Vam poder escoltar-los, compartir experi\u00e8ncies, mirades, somriures&#8230; I<br \/>\ntamb\u00e9 vam interactuar amb ells en les activitats que realitzen cada dia al centre i vam poder con\u00e8ixer com se senten.<\/p>\n<p>Cloe Aguilar i Neus Ballest\u00e9<\/p>\n<p><a data-flickr-embed=\"true\" href=\"https:\/\/www.flickr.com\/photos\/insguinovarda\/albums\/72177720306100314\" title=\"Fundaci\u00f3 \u00c0uria (1TAPSD)\"><img loading=\"lazy\" decoding=\"async\" src=\"https:\/\/live.staticflickr.com\/65535\/52695931115_312fc3d89b_z.jpg\" width=\"640\" height=\"480\" alt=\"Fundaci\u00f3 \u00c0uria (1TAPSD)\"><\/a><script async src=\"\/\/embedr.flickr.com\/assets\/client-code.js\" charset=\"utf-8\"><\/script><\/p>\n","protected":false},"excerpt":{"rendered":"<p>Dilluns, 6 de febrer, els alumnes de 1r de TAPSD van anar a la Fundaci\u00f3 \u00c0uria d&#8217;Igualada. Va ser una experi\u00e8ncia molt interessant i una gran oportunitat per veure de m\u00e9s a prop els serveis que tenen les persones amb diversitat funcional intel\u00b7lectual. Vam poder&hellip;  <a href=\"https:\/\/agora.xtec.cat\/iesguinovarda\/portada\/tapsd-visita-la-fundacio-auria\/\" title=\"Read TAPSD VISITA LA FUNDACI\u00d3 \u00c0URIA\">Llegeix m\u00e9s\u00bb<\/a><\/p>\n","protected":false},"author":5,"featured_media":3752,"comment_status":"closed","ping_status":"closed","sticky":false,"template":"","format":"standard","meta":{"_bbp_topic_count":0,"_bbp_reply_count":0,"_bbp_total_topic_count":0,"_bbp_total_reply_count":0,"_bbp_voice_count":0,"_bbp_anonymous_reply_count":0,"_bbp_topic_count_hidden":0,"_bbp_reply_count_hidden":0,"_bbp_forum_subforum_count":0,"footnotes":""},"categories":[29,110],"tags":[],"class_list":["post-3751","post","type-post","status-publish","format-standard","has-post-thumbnail","hentry","category-portada","category-tapsd-1"],"post_mailing_queue_ids":[],"_links":{"self":[{"href":"https:\/\/agora.xtec.cat\/iesguinovarda\/wp-json\/wp\/v2\/posts\/3751","targetHints":{"allow":["GET"]}}],"collection":[{"href":"https:\/\/agora.xtec.cat\/iesguinovarda\/wp-json\/wp\/v2\/posts"}],"about":[{"href":"https:\/\/agora.xtec.cat\/iesguinovarda\/wp-json\/wp\/v2\/types\/post"}],"author":[{"embeddable":true,"href":"https:\/\/agora.xtec.cat\/iesguinovarda\/wp-json\/wp\/v2\/users\/5"}],"replies":[{"embeddable":true,"href":"https:\/\/agora.xtec.cat\/iesguinovarda\/wp-json\/wp\/v2\/comments?post=3751"}],"version-history":[{"count":1,"href":"https:\/\/agora.xtec.cat\/iesguinovarda\/wp-json\/wp\/v2\/posts\/3751\/revisions"}],"predecessor-version":[{"id":3753,"href":"https:\/\/agora.xtec.cat\/iesguinovarda\/wp-json\/wp\/v2\/posts\/3751\/revisions\/3753"}],"wp:featuredmedia":[{"embeddable":true,"href":"https:\/\/agora.xtec.cat\/iesguinovarda\/wp-json\/wp\/v2\/media\/3752"}],"wp:attachment":[{"href":"https:\/\/agora.xtec.cat\/iesguinovarda\/wp-json\/wp\/v2\/media?parent=3751"}],"wp:term":[{"taxonomy":"category","embeddable":true,"href":"https:\/\/agora.xtec.cat\/iesguinovarda\/wp-json\/wp\/v2\/categories?post=3751"},{"taxonomy":"post_tag","embeddable":true,"href":"https:\/\/agora.xtec.cat\/iesguinovarda\/wp-json\/wp\/v2\/tags?post=3751"}],"curies":[{"name":"wp","href":"https:\/\/api.w.org\/{rel}","templated":true}]}}