{"id":3744,"date":"2023-02-17T22:29:26","date_gmt":"2023-02-17T21:29:26","guid":{"rendered":"https:\/\/agora.xtec.cat\/iesguinovarda\/?p=3744"},"modified":"2023-02-17T22:29:26","modified_gmt":"2023-02-17T21:29:26","slug":"el-sol-es-presenta-a-lins-guinovarda","status":"publish","type":"post","link":"https:\/\/agora.xtec.cat\/iesguinovarda\/portada\/el-sol-es-presenta-a-lins-guinovarda\/","title":{"rendered":"EL SOL ES PRESENTA A L\u2019INS GUINOVARDA"},"content":{"rendered":"<p>Dimecres, 1 de febrer, l\u2019alumnat dels cicles formatius de T\u00e8cnics en Atenci\u00f3 a Persones en Situaci\u00f3 de Depend\u00e8ncia (TAPSD) i de Sistemes Microinform\u00e0tics i Xarxes (SMX) van assistir a una xerrada sobre el Servei d\u2019Ocupaci\u00f3 Laboral de Piera (SOL).<br \/>\nLa xerrada informativa va servir per apropar-los a tot el que s\u2019ofereix des d\u2019aquest servei. Se\u2019ls va informar que, des de La B\u00f2bila, poden consultar el cat\u00e0leg de prestacions per desocupaci\u00f3, obtenir informaci\u00f3 de cursos de formaci\u00f3 i ofertes de treball&#8230; Tamb\u00e9 se\u2019ls va dir als alumnes que podien sol\u00b7licitar assessorament individual i realitzar tallers de recerca de feina.<br \/>\nSe\u2019ls va explicar totes les prestacions que podien tenir al seu abast si feien \u00fas d\u2019aquest servei: equips inform\u00e0tics i internet gratu\u00efta per accedir a borses de treball, taulell d\u2019ofertes de la comarca i comarques properes, informaci\u00f3 de l\u2019oferta formativa existent&#8230;<br \/>\nL\u2019objectiu de la xerrada va ser conscienciar els alumnes de la import\u00e0ncia que \u00e9s tenir una bona orientaci\u00f3 i formaci\u00f3.<\/p>\n<p><a data-flickr-embed=\"true\" href=\"https:\/\/www.flickr.com\/photos\/insguinovarda\/albums\/72177720306093904\" title=\"SOL Piera (TAPSD i SMX)\"><img loading=\"lazy\" decoding=\"async\" src=\"https:\/\/live.staticflickr.com\/65535\/52695423808_8ae4d80058_z.jpg\" width=\"640\" height=\"480\" alt=\"SOL Piera (TAPSD i SMX)\"><\/a><script async src=\"\/\/embedr.flickr.com\/assets\/client-code.js\" charset=\"utf-8\"><\/script><\/p>\n","protected":false},"excerpt":{"rendered":"<p>Dimecres, 1 de febrer, l\u2019alumnat dels cicles formatius de T\u00e8cnics en Atenci\u00f3 a Persones en Situaci\u00f3 de Depend\u00e8ncia (TAPSD) i de Sistemes Microinform\u00e0tics i Xarxes (SMX) van assistir a una xerrada sobre el Servei d\u2019Ocupaci\u00f3 Laboral de Piera (SOL).<br \/>\nLa xerrada informativa va servir per apropar-los&hellip;  <a href=\"https:\/\/agora.xtec.cat\/iesguinovarda\/portada\/el-sol-es-presenta-a-lins-guinovarda\/\" title=\"Read EL SOL ES PRESENTA A L\u2019INS GUINOVARDA\">Llegeix m\u00e9s\u00bb<\/a><\/p>\n","protected":false},"author":5,"featured_media":3745,"comment_status":"closed","ping_status":"closed","sticky":false,"template":"","format":"standard","meta":{"_bbp_topic_count":0,"_bbp_reply_count":0,"_bbp_total_topic_count":0,"_bbp_total_reply_count":0,"_bbp_voice_count":0,"_bbp_anonymous_reply_count":0,"_bbp_topic_count_hidden":0,"_bbp_reply_count_hidden":0,"_bbp_forum_subforum_count":0,"footnotes":""},"categories":[29,121,120],"tags":[],"class_list":["post-3744","post","type-post","status-publish","format-standard","has-post-thumbnail","hentry","category-portada","category-smx","category-tapsd"],"post_mailing_queue_ids":[],"_links":{"self":[{"href":"https:\/\/agora.xtec.cat\/iesguinovarda\/wp-json\/wp\/v2\/posts\/3744","targetHints":{"allow":["GET"]}}],"collection":[{"href":"https:\/\/agora.xtec.cat\/iesguinovarda\/wp-json\/wp\/v2\/posts"}],"about":[{"href":"https:\/\/agora.xtec.cat\/iesguinovarda\/wp-json\/wp\/v2\/types\/post"}],"author":[{"embeddable":true,"href":"https:\/\/agora.xtec.cat\/iesguinovarda\/wp-json\/wp\/v2\/users\/5"}],"replies":[{"embeddable":true,"href":"https:\/\/agora.xtec.cat\/iesguinovarda\/wp-json\/wp\/v2\/comments?post=3744"}],"version-history":[{"count":1,"href":"https:\/\/agora.xtec.cat\/iesguinovarda\/wp-json\/wp\/v2\/posts\/3744\/revisions"}],"predecessor-version":[{"id":3746,"href":"https:\/\/agora.xtec.cat\/iesguinovarda\/wp-json\/wp\/v2\/posts\/3744\/revisions\/3746"}],"wp:featuredmedia":[{"embeddable":true,"href":"https:\/\/agora.xtec.cat\/iesguinovarda\/wp-json\/wp\/v2\/media\/3745"}],"wp:attachment":[{"href":"https:\/\/agora.xtec.cat\/iesguinovarda\/wp-json\/wp\/v2\/media?parent=3744"}],"wp:term":[{"taxonomy":"category","embeddable":true,"href":"https:\/\/agora.xtec.cat\/iesguinovarda\/wp-json\/wp\/v2\/categories?post=3744"},{"taxonomy":"post_tag","embeddable":true,"href":"https:\/\/agora.xtec.cat\/iesguinovarda\/wp-json\/wp\/v2\/tags?post=3744"}],"curies":[{"name":"wp","href":"https:\/\/api.w.org\/{rel}","templated":true}]}}