{"id":3721,"date":"2023-01-30T20:05:17","date_gmt":"2023-01-30T19:05:17","guid":{"rendered":"https:\/\/agora.xtec.cat\/iesguinovarda\/?p=3721"},"modified":"2023-01-30T20:05:17","modified_gmt":"2023-01-30T19:05:17","slug":"quart-deso-visita-la-colonia-vidal","status":"publish","type":"post","link":"https:\/\/agora.xtec.cat\/iesguinovarda\/eso\/eso-4\/quart-deso-visita-la-colonia-vidal\/","title":{"rendered":"QUART D&#8217;ESO VISITA LA COL\u00d2NIA VIDAL"},"content":{"rendered":"<p>Divendres, 18 de gener, els alumnes de 4t d\u2019ESO van visitar la Col\u00f2nia Vidal de Puig-reig.  Tres treballadors ancorats a la Col\u00f2nia van ensenyar als visitants com era la vida i el treball en el passat. La sala del cinema va ser l\u2019inici de la visita. S&#8217;hi va projectar un audiovisual per introduir el passat i el present de les col\u00f2nies industrials. A continuaci\u00f3, es va fer un recorregut per tota la col\u00f2nia durant el qual es van visitar espais que serveixen per explicar com s\u2019hi desenvolupaven la vida i el treball a inicis del segle XX. Alguns dels espais visitats van ser el pis de treballadors, la sala de telers, l\u2019escola de nois, les dutxes comunit\u00e0ries o el safareig.<\/p>\n<p><a data-flickr-embed=\"true\" href=\"https:\/\/www.flickr.com\/photos\/insguinovarda\/albums\/72177720305630461\" title=\"Col\u00f2nia Vidal-22\/23 (4ESO)\"><img loading=\"lazy\" decoding=\"async\" src=\"https:\/\/live.staticflickr.com\/65535\/52658959696_d4d1f2b753_z.jpg\" width=\"640\" height=\"480\" alt=\"Col\u00f2nia Vidal-22\/23 (4ESO)\"><\/a><script async src=\"\/\/embedr.flickr.com\/assets\/client-code.js\" charset=\"utf-8\"><\/script><\/p>\n","protected":false},"excerpt":{"rendered":"<p>Divendres, 18 de gener, els alumnes de 4t d\u2019ESO van visitar la Col\u00f2nia Vidal de Puig-reig.  Tres treballadors ancorats a la Col\u00f2nia van ensenyar als visitants com era la vida i el treball en el passat. La sala del cinema va ser l\u2019inici de&hellip;  <a href=\"https:\/\/agora.xtec.cat\/iesguinovarda\/eso\/eso-4\/quart-deso-visita-la-colonia-vidal\/\" title=\"Read QUART D&#8217;ESO VISITA LA COL\u00d2NIA VIDAL\">Llegeix m\u00e9s\u00bb<\/a><\/p>\n","protected":false},"author":5,"featured_media":3722,"comment_status":"closed","ping_status":"closed","sticky":false,"template":"","format":"standard","meta":{"_bbp_topic_count":0,"_bbp_reply_count":0,"_bbp_total_topic_count":0,"_bbp_total_reply_count":0,"_bbp_voice_count":0,"_bbp_anonymous_reply_count":0,"_bbp_topic_count_hidden":0,"_bbp_reply_count_hidden":0,"_bbp_forum_subforum_count":0,"footnotes":""},"categories":[7,29],"tags":[],"class_list":["post-3721","post","type-post","status-publish","format-standard","has-post-thumbnail","hentry","category-eso-4","category-portada"],"post_mailing_queue_ids":[],"_links":{"self":[{"href":"https:\/\/agora.xtec.cat\/iesguinovarda\/wp-json\/wp\/v2\/posts\/3721","targetHints":{"allow":["GET"]}}],"collection":[{"href":"https:\/\/agora.xtec.cat\/iesguinovarda\/wp-json\/wp\/v2\/posts"}],"about":[{"href":"https:\/\/agora.xtec.cat\/iesguinovarda\/wp-json\/wp\/v2\/types\/post"}],"author":[{"embeddable":true,"href":"https:\/\/agora.xtec.cat\/iesguinovarda\/wp-json\/wp\/v2\/users\/5"}],"replies":[{"embeddable":true,"href":"https:\/\/agora.xtec.cat\/iesguinovarda\/wp-json\/wp\/v2\/comments?post=3721"}],"version-history":[{"count":1,"href":"https:\/\/agora.xtec.cat\/iesguinovarda\/wp-json\/wp\/v2\/posts\/3721\/revisions"}],"predecessor-version":[{"id":3723,"href":"https:\/\/agora.xtec.cat\/iesguinovarda\/wp-json\/wp\/v2\/posts\/3721\/revisions\/3723"}],"wp:featuredmedia":[{"embeddable":true,"href":"https:\/\/agora.xtec.cat\/iesguinovarda\/wp-json\/wp\/v2\/media\/3722"}],"wp:attachment":[{"href":"https:\/\/agora.xtec.cat\/iesguinovarda\/wp-json\/wp\/v2\/media?parent=3721"}],"wp:term":[{"taxonomy":"category","embeddable":true,"href":"https:\/\/agora.xtec.cat\/iesguinovarda\/wp-json\/wp\/v2\/categories?post=3721"},{"taxonomy":"post_tag","embeddable":true,"href":"https:\/\/agora.xtec.cat\/iesguinovarda\/wp-json\/wp\/v2\/tags?post=3721"}],"curies":[{"name":"wp","href":"https:\/\/api.w.org\/{rel}","templated":true}]}}