{"id":3654,"date":"2023-01-11T06:22:42","date_gmt":"2023-01-11T05:22:42","guid":{"rendered":"https:\/\/agora.xtec.cat\/iesguinovarda\/?p=3654"},"modified":"2023-01-11T06:22:42","modified_gmt":"2023-01-11T05:22:42","slug":"emocionat-amb-lins-guinovarda","status":"publish","type":"post","link":"https:\/\/agora.xtec.cat\/iesguinovarda\/eso\/eso-4\/emocionat-amb-lins-guinovarda\/","title":{"rendered":"EMOCIONA\u2019T AMB L\u2019INS GUINOVARDA"},"content":{"rendered":"<p>Dimarts, 13 de desembre, els alumnes de 4t A de van posar punt i final al  projecte trimestral <em>Emociona\u2019t<\/em> amb el rodatge d\u2019un curtmetratge. Amb aquest projecte, dut a terme pel grup Taller cinema, els alumnes van treballar amb l&#8217;Associaci\u00f3 Igualada-Nueva Esperanza, que t\u00e9 com a objectiu ajudar tots els membres d&#8217;aquesta comunitat sud-americana, sobretot els joves, perqu\u00e8 tinguin un futur millor. La pel\u00b7l\u00edcula conta la hist\u00f2ria d&#8217;un noi de Nueva Esperanza que porta una vida no gaire adequada i com, amb l&#8217;ajuda de l&#8217;associaci\u00f3, aconsegueix sortir d&#8217;aquest m\u00f3n poc favorable.<\/p>\n<p><a data-flickr-embed=\"true\" href=\"https:\/\/www.flickr.com\/photos\/insguinovarda\/albums\/72177720305143475\" title=\"Projecte Emociona&#x27;t: Nueva Esperanza (4ESO A)\"><img loading=\"lazy\" decoding=\"async\" src=\"https:\/\/live.staticflickr.com\/65535\/52620806208_f34576500f_z.jpg\" width=\"640\" height=\"480\" alt=\"Projecte Emociona&#x27;t: Nueva Esperanza (4ESO A)\"><\/a><script async src=\"\/\/embedr.flickr.com\/assets\/client-code.js\" charset=\"utf-8\"><\/script><\/p>\n","protected":false},"excerpt":{"rendered":"<p>Dimarts, 13 de desembre, els alumnes de 4t A de van posar punt i final al  projecte trimestral Emociona\u2019t amb el rodatge d\u2019un curtmetratge. Amb aquest projecte, dut a terme pel grup Taller cinema, els alumnes van treballar amb l&#8217;Associaci\u00f3 Igualada-Nueva Esperanza, que t\u00e9&hellip;  <a href=\"https:\/\/agora.xtec.cat\/iesguinovarda\/eso\/eso-4\/emocionat-amb-lins-guinovarda\/\" title=\"Read EMOCIONA\u2019T AMB L\u2019INS GUINOVARDA\">Llegeix m\u00e9s\u00bb<\/a><\/p>\n","protected":false},"author":5,"featured_media":3655,"comment_status":"closed","ping_status":"closed","sticky":false,"template":"","format":"standard","meta":{"_bbp_topic_count":0,"_bbp_reply_count":0,"_bbp_total_topic_count":0,"_bbp_total_reply_count":0,"_bbp_voice_count":0,"_bbp_anonymous_reply_count":0,"_bbp_topic_count_hidden":0,"_bbp_reply_count_hidden":0,"_bbp_forum_subforum_count":0,"footnotes":""},"categories":[7,29],"tags":[],"class_list":["post-3654","post","type-post","status-publish","format-standard","has-post-thumbnail","hentry","category-eso-4","category-portada"],"post_mailing_queue_ids":[],"_links":{"self":[{"href":"https:\/\/agora.xtec.cat\/iesguinovarda\/wp-json\/wp\/v2\/posts\/3654","targetHints":{"allow":["GET"]}}],"collection":[{"href":"https:\/\/agora.xtec.cat\/iesguinovarda\/wp-json\/wp\/v2\/posts"}],"about":[{"href":"https:\/\/agora.xtec.cat\/iesguinovarda\/wp-json\/wp\/v2\/types\/post"}],"author":[{"embeddable":true,"href":"https:\/\/agora.xtec.cat\/iesguinovarda\/wp-json\/wp\/v2\/users\/5"}],"replies":[{"embeddable":true,"href":"https:\/\/agora.xtec.cat\/iesguinovarda\/wp-json\/wp\/v2\/comments?post=3654"}],"version-history":[{"count":1,"href":"https:\/\/agora.xtec.cat\/iesguinovarda\/wp-json\/wp\/v2\/posts\/3654\/revisions"}],"predecessor-version":[{"id":3656,"href":"https:\/\/agora.xtec.cat\/iesguinovarda\/wp-json\/wp\/v2\/posts\/3654\/revisions\/3656"}],"wp:featuredmedia":[{"embeddable":true,"href":"https:\/\/agora.xtec.cat\/iesguinovarda\/wp-json\/wp\/v2\/media\/3655"}],"wp:attachment":[{"href":"https:\/\/agora.xtec.cat\/iesguinovarda\/wp-json\/wp\/v2\/media?parent=3654"}],"wp:term":[{"taxonomy":"category","embeddable":true,"href":"https:\/\/agora.xtec.cat\/iesguinovarda\/wp-json\/wp\/v2\/categories?post=3654"},{"taxonomy":"post_tag","embeddable":true,"href":"https:\/\/agora.xtec.cat\/iesguinovarda\/wp-json\/wp\/v2\/tags?post=3654"}],"curies":[{"name":"wp","href":"https:\/\/api.w.org\/{rel}","templated":true}]}}