{"id":3590,"date":"2022-11-04T08:59:26","date_gmt":"2022-11-04T07:59:26","guid":{"rendered":"https:\/\/agora.xtec.cat\/iesguinovarda\/?p=3590"},"modified":"2022-11-08T08:51:30","modified_gmt":"2022-11-08T07:51:30","slug":"forum-de-les-families","status":"publish","type":"post","link":"https:\/\/agora.xtec.cat\/iesguinovarda\/general\/forum-de-les-families\/","title":{"rendered":"F\u00d2RUM DE LES FAM\u00cdLIES"},"content":{"rendered":"<p align=\"JUSTIFY\"><span style=\"font-family: Times New Roman, serif; color: #ff6600;\"><span style=\"font-size: medium;\"><a href=\"https:\/\/agora.xtec.cat\/iesguinovarda\/wp-content\/uploads\/usu579\/2022\/11\/family.jpg\"><img loading=\"lazy\" decoding=\"async\" class=\"size-full wp-image-3593 alignleft\" src=\"https:\/\/agora.xtec.cat\/iesguinovarda\/wp-content\/uploads\/usu579\/2022\/11\/family.jpg\" alt=\"\" width=\"336\" height=\"150\" srcset=\"https:\/\/agora.xtec.cat\/iesguinovarda\/wp-content\/uploads\/usu579\/2022\/11\/family.jpg 336w, https:\/\/agora.xtec.cat\/iesguinovarda\/wp-content\/uploads\/usu579\/2022\/11\/family-300x134.jpg 300w\" sizes=\"auto, (max-width: 336px) 100vw, 336px\" \/><\/a>Benvolgudes fam\u00edlies,<\/span><\/span><\/p>\n<p align=\"JUSTIFY\"><span style=\"font-size: medium;\"><span style=\"font-family: Times New Roman, serif;\">U<\/span><span style=\"font-family: Times New Roman, serif;\">s<\/span> <span style=\"font-family: Times New Roman, serif;\">i<\/span><span style=\"font-family: Times New Roman, serif;\">nfor<\/span><span style=\"font-family: Times New Roman, serif;\">m<\/span><span style=\"font-family: Times New Roman, serif;\">e<\/span><span style=\"font-family: Times New Roman, serif;\">m<\/span> <span style=\"font-family: Times New Roman, serif;\">que<\/span> <span style=\"font-family: Times New Roman, serif;\">el<\/span> <span style=\"font-family: Times New Roman, serif;\">proper<\/span> <span style=\"font-family: Times New Roman, serif;\">d<\/span><span style=\"font-family: Times New Roman, serif;\">i<\/span><span style=\"font-family: Times New Roman, serif;\">m<\/span><span style=\"font-family: Times New Roman, serif;\">e<\/span><span style=\"font-family: Times New Roman, serif;\">cres<\/span> <span style=\"font-family: Times New Roman, serif;\">d<\/span><span style=\"font-family: Times New Roman, serif;\">i<\/span><span style=\"font-family: Times New Roman, serif;\">a<\/span><span style=\"font-family: Times New Roman, serif; color: #ff6600;\"> 9 de novembre<\/span> <span style=\"font-family: Times New Roman, serif;\">tornarem a<\/span><span style=\"font-family: Times New Roman, serif;\"> celebrar<\/span> <span style=\"font-family: Times New Roman, serif;\">al<\/span> <span style=\"font-family: Times New Roman, serif;\">n<\/span><span style=\"font-family: Times New Roman, serif;\">o<\/span><span style=\"font-family: Times New Roman, serif;\">s<\/span><span style=\"font-family: Times New Roman, serif;\">t<\/span><span style=\"font-family: Times New Roman, serif;\">re<\/span> <span style=\"font-family: Times New Roman, serif;\">cen<\/span><span style=\"font-family: Times New Roman, serif;\">t<\/span><span style=\"font-family: Times New Roman, serif;\">re<\/span> <span style=\"font-family: Times New Roman, serif;\">el<\/span> <span style=\"font-family: Times New Roman, serif;\">\u201c<\/span><span style=\"font-family: Times New Roman, serif;\">F<\/span><span style=\"font-family: Times New Roman, serif;\">\u00f2rum<\/span> <span style=\"font-family: Times New Roman, serif;\">de <\/span><span style=\"font-family: Times New Roman, serif;\">l<\/span><span style=\"font-family: Times New Roman, serif;\">es<\/span> <span style=\"font-family: Times New Roman, serif;\">fa<\/span><span style=\"font-family: Times New Roman, serif;\">m<\/span><span style=\"font-family: Times New Roman, serif;\">\u00ed<\/span><span style=\"font-family: Times New Roman, serif;\">l<\/span><span style=\"font-family: Times New Roman, serif;\">i<\/span><span style=\"font-family: Times New Roman, serif;\">es\u201d. <\/span><span style=\"font-family: Times New Roman, serif;\">A<\/span><span style=\"font-family: Times New Roman, serif;\">ques<\/span><span style=\"font-family: Times New Roman, serif;\">t<\/span><span style=\"font-family: Times New Roman, serif;\">a<\/span> <span style=\"font-family: Times New Roman, serif;\">prop<\/span><span style=\"font-family: Times New Roman, serif;\">o<\/span><span style=\"font-family: Times New Roman, serif;\">s<\/span><span style=\"font-family: Times New Roman, serif;\">t<\/span><span style=\"font-family: Times New Roman, serif;\">a<\/span> <span style=\"font-family: Times New Roman, serif;\">ne<\/span><span style=\"font-family: Times New Roman, serif;\">i<\/span><span style=\"font-family: Times New Roman, serif;\">x<\/span> <span style=\"font-family: Times New Roman, serif;\">de<\/span> <span style=\"font-family: Times New Roman, serif;\">l<\/span><span style=\"font-family: Times New Roman, serif;\">a<\/span> <span style=\"font-family: Times New Roman, serif;\">necess<\/span><span style=\"font-family: Times New Roman, serif;\">it<\/span><span style=\"font-family: Times New Roman, serif;\">at<\/span> <span style=\"font-family: Times New Roman, serif;\">de<\/span> <span style=\"font-family: Times New Roman, serif;\">m<\/span><span style=\"font-family: Times New Roman, serif;\">i<\/span><span style=\"font-family: Times New Roman, serif;\">ll<\/span><span style=\"font-family: Times New Roman, serif;\">orar<\/span> <span style=\"font-family: Times New Roman, serif;\">l<\/span><span style=\"font-family: Times New Roman, serif;\">a<\/span> <span style=\"font-family: Times New Roman, serif;\">co<\/span><span style=\"font-family: Times New Roman, serif;\">m<\/span><span style=\"font-family: Times New Roman, serif;\">u<\/span><span style=\"font-family: Times New Roman, serif;\">n<\/span><span style=\"font-family: Times New Roman, serif;\">i<\/span><span style=\"font-family: Times New Roman, serif;\">ca<\/span><span style=\"font-family: Times New Roman, serif;\">c<\/span><span style=\"font-family: Times New Roman, serif;\">i<\/span><span style=\"font-family: Times New Roman, serif;\">\u00f3<\/span> <span style=\"font-family: Times New Roman, serif;\">i<\/span><span style=\"font-family: Times New Roman, serif;\">ns<\/span><span style=\"font-family: Times New Roman, serif;\">tit<\/span><span style=\"font-family: Times New Roman, serif;\">u<\/span><span style=\"font-family: Times New Roman, serif;\">t<\/span><span style=\"font-family: Times New Roman, serif;\">&#8211;<\/span><span style=\"font-family: Times New Roman, serif;\">fa<\/span><span style=\"font-family: Times New Roman, serif;\">m<\/span><span style=\"font-family: Times New Roman, serif;\">\u00ed<\/span><span style=\"font-family: Times New Roman, serif;\">li<\/span><span style=\"font-family: Times New Roman, serif;\">es<\/span> <span style=\"font-family: Times New Roman, serif;\">a<\/span><span style=\"font-family: Times New Roman, serif;\">i<\/span><span style=\"font-family: Times New Roman, serif;\">x\u00ed com<\/span><span style=\"font-family: Times New Roman, serif;\"> l<\/span><span style=\"font-family: Times New Roman, serif;\">a<\/span> <span style=\"font-family: Times New Roman, serif;\">i<\/span><span style=\"font-family: Times New Roman, serif;\">m<\/span><span style=\"font-family: Times New Roman, serif;\">p<\/span><span style=\"font-family: Times New Roman, serif;\">l<\/span><span style=\"font-family: Times New Roman, serif;\">i<\/span><span style=\"font-family: Times New Roman, serif;\">c<\/span><span style=\"font-family: Times New Roman, serif;\">a<\/span><span style=\"font-family: Times New Roman, serif;\">c<\/span><span style=\"font-family: Times New Roman, serif;\">i<\/span><span style=\"font-family: Times New Roman, serif;\">\u00f3<\/span> <span style=\"font-family: Times New Roman, serif;\">de<\/span> <span style=\"font-family: Times New Roman, serif;\">l<\/span><span style=\"font-family: Times New Roman, serif;\">es fa<\/span><span style=\"font-family: Times New Roman, serif;\">m<\/span><span style=\"font-family: Times New Roman, serif;\">\u00ed<\/span><span style=\"font-family: Times New Roman, serif;\">li<\/span><span style=\"font-family: Times New Roman, serif;\">es<\/span> <span style=\"font-family: Times New Roman, serif;\">en<\/span> <span style=\"font-family: Times New Roman, serif;\">el<\/span> <span style=\"font-family: Times New Roman, serif;\">desenvo<\/span><span style=\"font-family: Times New Roman, serif;\">l<\/span><span style=\"font-family: Times New Roman, serif;\">up<\/span><span style=\"font-family: Times New Roman, serif;\">a<\/span><span style=\"font-family: Times New Roman, serif;\">m<\/span><span style=\"font-family: Times New Roman, serif;\">ent<\/span> <span style=\"font-family: Times New Roman, serif;\">acad\u00e8<\/span><span style=\"font-family: Times New Roman, serif;\">mi<\/span><span style=\"font-family: Times New Roman, serif;\">c<\/span> <span style=\"font-family: Times New Roman, serif;\">del<\/span> <span style=\"font-family: Times New Roman, serif;\">seu f<\/span><span style=\"font-family: Times New Roman, serif;\">ill\/<\/span><span style=\"font-family: Times New Roman, serif;\">a.<\/span><\/span><\/p>\n<p align=\"JUSTIFY\"><span style=\"font-size: medium;\"><span style=\"font-family: Times New Roman, serif;\">De <\/span><span style=\"font-family: Times New Roman, serif;\">l<\/span><span style=\"font-family: Times New Roman, serif;\">es<\/span><span style=\"font-family: Times New Roman, serif;\"> 15:30 <\/span><span style=\"font-family: Times New Roman, serif;\">h<\/span> <span style=\"font-family: Times New Roman, serif;\">f<\/span><span style=\"font-family: Times New Roman, serif;\">i<\/span><span style=\"font-family: Times New Roman, serif;\">ns<\/span> <span style=\"font-family: Times New Roman, serif;\">l<\/span><span style=\"font-family: Times New Roman, serif;\">es<\/span> <span style=\"font-family: Times New Roman, serif;\">17.30 h<\/span> <span style=\"font-family: Times New Roman, serif;\">t<\/span><span style=\"font-family: Times New Roman, serif;\">ot<\/span> <span style=\"font-family: Times New Roman, serif;\">el professorat<\/span> <span style=\"font-family: Times New Roman, serif;\">del cen<\/span><span style=\"font-family: Times New Roman, serif;\">t<\/span><span style=\"font-family: Times New Roman, serif;\">re<\/span> <span style=\"font-family: Times New Roman, serif;\">es<\/span><span style=\"font-family: Times New Roman, serif;\">t<\/span><span style=\"font-family: Times New Roman, serif;\">ar\u00e0<\/span> <span style=\"font-family: Times New Roman, serif;\">d<\/span><span style=\"font-family: Times New Roman, serif;\">i<\/span><span style=\"font-family: Times New Roman, serif;\">spon<\/span><span style=\"font-family: Times New Roman, serif;\">i<\/span><span style=\"font-family: Times New Roman, serif;\">b<\/span><span style=\"font-family: Times New Roman, serif;\">l<\/span><span style=\"font-family: Times New Roman, serif;\">e<\/span> <span style=\"font-family: Times New Roman, serif;\">per<\/span> <span style=\"font-family: Times New Roman, serif;\">a <\/span><span style=\"font-family: Times New Roman, serif;\">l<\/span><span style=\"font-family: Times New Roman, serif;\">es<\/span> <span style=\"font-family: Times New Roman, serif;\">fa<\/span><span style=\"font-family: Times New Roman, serif;\">m<\/span><span style=\"font-family: Times New Roman, serif;\">\u00ed<\/span><span style=\"font-family: Times New Roman, serif;\">l<\/span><span style=\"font-family: Times New Roman, serif;\">i<\/span><span style=\"font-family: Times New Roman, serif;\">es<\/span> <span style=\"font-family: Times New Roman, serif;\">a<\/span><span style=\"font-family: Times New Roman, serif;\">m<\/span><span style=\"font-family: Times New Roman, serif;\">b<\/span> <span style=\"font-family: Times New Roman, serif;\">l<\/span><span style=\"font-family: Times New Roman, serif;\">a f<\/span><span style=\"font-family: Times New Roman, serif;\">i<\/span><span style=\"font-family: Times New Roman, serif;\">na<\/span><span style=\"font-family: Times New Roman, serif;\">lit<\/span><span style=\"font-family: Times New Roman, serif;\">at<\/span> <span style=\"font-family: Times New Roman, serif;\">de poder <\/span><span style=\"font-family: Times New Roman, serif;\">t<\/span><span style=\"font-family: Times New Roman, serif;\">rac<\/span><span style=\"font-family: Times New Roman, serif;\">t<\/span><span style=\"font-family: Times New Roman, serif;\">ar<\/span> <span style=\"font-family: Times New Roman, serif;\">de for<\/span><span style=\"font-family: Times New Roman, serif;\">m<\/span><span style=\"font-family: Times New Roman, serif;\">a<\/span> <span style=\"font-family: Times New Roman, serif;\">breu <span style=\"color: #ff6600;\">(5-10 minuts)<\/span> aspec<\/span><span style=\"font-family: Times New Roman, serif;\">t<\/span><span style=\"font-family: Times New Roman, serif;\">es<\/span> <span style=\"font-family: Times New Roman, serif;\">re<\/span><span style=\"font-family: Times New Roman, serif;\">l<\/span><span style=\"font-family: Times New Roman, serif;\">ac<\/span><span style=\"font-family: Times New Roman, serif;\">i<\/span><span style=\"font-family: Times New Roman, serif;\">ona<\/span><span style=\"font-family: Times New Roman, serif;\">t<\/span><span style=\"font-family: Times New Roman, serif;\">s<\/span> <span style=\"font-family: Times New Roman, serif;\">a<\/span><span style=\"font-family: Times New Roman, serif;\">m<\/span><span style=\"font-family: Times New Roman, serif;\">b<\/span> <span style=\"font-family: Times New Roman, serif;\">el<\/span><span style=\"font-family: Times New Roman, serif;\"> t<\/span><span style=\"font-family: Times New Roman, serif;\">reba<\/span><span style=\"font-family: Times New Roman, serif;\">l<\/span><span style=\"font-family: Times New Roman, serif;\">l<\/span> <span style=\"font-family: Times New Roman, serif;\">i<\/span> <span style=\"font-family: Times New Roman, serif;\">ava<\/span><span style=\"font-family: Times New Roman, serif;\">l<\/span><span style=\"font-family: Times New Roman, serif;\">uac<\/span><span style=\"font-family: Times New Roman, serif;\">i<\/span><span style=\"font-family: Times New Roman, serif;\">\u00f3<\/span> <span style=\"font-family: Times New Roman, serif;\">de <\/span><span style=\"font-family: Times New Roman, serif;\">l<\/span><span style=\"font-family: Times New Roman, serif;\">&#8216;a<\/span><span style=\"font-family: Times New Roman, serif;\">l<\/span><span style=\"font-family: Times New Roman, serif;\">u<\/span><span style=\"font-family: Times New Roman, serif;\">m<\/span><span style=\"font-family: Times New Roman, serif;\">ne<\/span><span style=\"font-family: Times New Roman, serif;\">\/<\/span><span style=\"font-family: Times New Roman, serif;\">a.<\/span><\/span><\/p>\n<p align=\"JUSTIFY\"><span style=\"font-size: medium;\"><span style=\"font-family: Times New Roman, serif;\"><span lang=\"ca-ES\">Us adjuntem la <a href=\"https:\/\/agora.xtec.cat\/iesguinovarda\/wp-content\/uploads\/usu579\/2022\/11\/Carta-families_forum-families-22-23.pdf\">ubicaci\u00f3 de<\/a> tot el professorat durant el f\u00f2rum:<\/span><\/span><\/span><\/p>\n<table border=\"1\" width=\"100%\" cellspacing=\"0\" cellpadding=\"4\">\n<tbody>\n<tr valign=\"TOP\">\n<td width=\"23%\">\n<pre><span style=\"font-size: small;\"><b>MAT\u00c8RIA<\/b><\/span><\/pre>\n<\/td>\n<td width=\"8%\">\n<pre><span style=\"font-size: small;\"><b>AULA<\/b><\/span><\/pre>\n<\/td>\n<td width=\"69%\">\n<pre lang=\"en-GB\"><span style=\"font-size: small;\"><b>PROFESSORAT<\/b><\/span><\/pre>\n<\/td>\n<\/tr>\n<tr valign=\"TOP\">\n<td rowspan=\"2\" width=\"23%\">\n<pre><span style=\"font-size: small;\">SOCIALS<\/span><\/pre>\n<pre><span style=\"font-size: small;\">FILOSOFIA RELIGI\u00d3<\/span><\/pre>\n<\/td>\n<td width=\"8%\">\n<pre><span style=\"font-size: small;\">0.7<\/span><\/pre>\n<\/td>\n<td width=\"69%\">\n<pre><span style=\"font-size: small;\">X. Marzo, B. Fuentes, M. Alert, M. Horno<\/span><\/pre>\n<\/td>\n<\/tr>\n<tr valign=\"TOP\">\n<td width=\"8%\">\n<pre><span style=\"font-size: small;\">0.8<\/span><\/pre>\n<\/td>\n<td width=\"69%\">\n<pre lang=\"en-GB\"><span style=\"font-size: small;\">P. Garc\u00eda, K. Pedr\u00f3s, E. Carpio<\/span><\/pre>\n<\/td>\n<\/tr>\n<tr valign=\"TOP\">\n<td rowspan=\"2\" width=\"23%\">\n<pre><span style=\"font-size: small;\">ORIENTACI\u00d3, AO,TD<\/span><\/pre>\n<\/td>\n<td width=\"8%\">\n<pre><span style=\"font-size: small;\">1.2<\/span><\/pre>\n<\/td>\n<td width=\"69%\">\n<pre><span style=\"font-size: small;\">L. Ucl\u00e9s, J. Sauquillo, M. Torrubia, V. Ferrera<\/span><\/pre>\n<\/td>\n<\/tr>\n<tr valign=\"TOP\">\n<td width=\"8%\">\n<pre><span style=\"font-size: small;\">1.1<\/span><\/pre>\n<\/td>\n<td width=\"69%\">\n<pre>C. Ru\u00edz, M. Gallego, A. Salmer\u00f3n, M. Garc\u00eda<\/pre>\n<\/td>\n<\/tr>\n<tr valign=\"TOP\">\n<td rowspan=\"2\" width=\"23%\">\n<pre><span style=\"font-size: small;\">LLENG\u00dcES ESTRANGERES<\/span><\/pre>\n<\/td>\n<td width=\"8%\">\n<pre><span style=\"font-size: small;\">1.3<\/span><\/pre>\n<\/td>\n<td width=\"69%\">\n<pre><span style=\"font-size: small;\">A. L\u00f3pez G, C. Marsa, M. Vil\u00e0, E. Morera, G. Valls<\/span><\/pre>\n<\/td>\n<\/tr>\n<tr valign=\"TOP\">\n<td width=\"8%\">\n<pre><span style=\"font-size: small;\">1.4<\/span><\/pre>\n<\/td>\n<td width=\"69%\">\n<pre><span style=\"font-size: small;\">M. Mateo, E. Bonavila, L. Quintana, M .Carulla<\/span><\/pre>\n<\/td>\n<\/tr>\n<tr valign=\"TOP\">\n<td rowspan=\"3\" width=\"23%\">\n<pre><span style=\"font-size: small;\">LLENGUA CASTELLANA I CATALANA<\/span><\/pre>\n<\/td>\n<td width=\"8%\">\n<pre><span style=\"font-size: small;\">1.5<\/span><\/pre>\n<\/td>\n<td width=\"69%\">\n<pre><span style=\"font-size: small;\">A. L\u00f3pez M., A. Sunyol, R. Mosquera, <\/span><\/pre>\n<\/td>\n<\/tr>\n<tr valign=\"TOP\">\n<td width=\"8%\">\n<pre><span style=\"font-size: small;\">1.6<\/span><\/pre>\n<\/td>\n<td width=\"69%\">\n<pre><span style=\"font-size: small;\">G. Mart\u00ednez, V. Villar, A. Losilla<\/span><\/pre>\n<\/td>\n<\/tr>\n<tr valign=\"TOP\">\n<td width=\"8%\">\n<pre><span style=\"font-size: small;\">1.7<\/span><\/pre>\n<\/td>\n<td width=\"69%\">\n<pre><span style=\"font-size: small;\">G. Moragrega, E. G\u00fazman, N. Le\u00f3n, M Gran\u00e9<\/span><\/pre>\n<\/td>\n<\/tr>\n<tr valign=\"TOP\">\n<td width=\"23%\">\n<pre><span style=\"font-size: small;\">VISUAL I PL\u00c0STICA<\/span><\/pre>\n<\/td>\n<td width=\"8%\">\n<pre><span style=\"font-size: small;\">0.1<\/span><\/pre>\n<\/td>\n<td width=\"69%\">\n<pre lang=\"ca-ES\"><span style=\"font-family: Times New Roman, serif;\"><span style=\"font-size: small;\">A. Just, A. Sagu\u00e9s<\/span><\/span><\/pre>\n<\/td>\n<\/tr>\n<tr valign=\"TOP\">\n<td rowspan=\"3\" width=\"23%\">\n<pre><span style=\"font-size: small;\">TECNOLOGIA<\/span><\/pre>\n<pre><span style=\"font-size: small;\">CI\u00c8NCIES<\/span><\/pre>\n<\/td>\n<td width=\"8%\">\n<pre><span style=\"font-size: small;\">2.2<\/span><\/pre>\n<\/td>\n<td width=\"69%\">\n<pre><span style=\"font-size: small;\">G. Garc\u00eda, I. Mauri, C. Alacreu, T. Monta\u00f1\u00e9s<\/span><\/pre>\n<\/td>\n<\/tr>\n<tr valign=\"TOP\">\n<td width=\"8%\">\n<pre><span style=\"font-size: small;\">2.3<\/span><\/pre>\n<\/td>\n<td width=\"69%\">\n<pre><span style=\"font-size: small;\">M. Freixas, Y. Duart, N. Mart\u00ednez, <\/span><\/pre>\n<\/td>\n<\/tr>\n<tr valign=\"TOP\">\n<td width=\"8%\">\n<pre><span style=\"font-size: small;\">2.4<\/span><\/pre>\n<\/td>\n<td width=\"69%\">\n<pre><span style=\"font-size: small;\">M. Hern\u00e1ndez, A. Mart\u00ednez, C. Borrell, O. Junyent<\/span><\/pre>\n<\/td>\n<\/tr>\n<tr valign=\"TOP\">\n<td width=\"23%\">\n<pre><span style=\"font-size: small;\">M\u00daSICA<\/span><\/pre>\n<\/td>\n<td width=\"8%\">\n<pre><span style=\"font-size: small;\">2.5<\/span><\/pre>\n<\/td>\n<td width=\"69%\">\n<pre><span style=\"font-size: small;\">R. Hern\u00e1ndez, O. Mart\u00ednez<\/span><\/pre>\n<\/td>\n<\/tr>\n<tr valign=\"TOP\">\n<td rowspan=\"2\" width=\"23%\">\n<pre><span style=\"font-size: small;\">MATEM\u00c0TIQUES ECONOMIA<\/span><\/pre>\n<\/td>\n<td width=\"8%\">\n<pre><span style=\"font-size: small;\">2.6<\/span><\/pre>\n<\/td>\n<td width=\"69%\">\n<pre><span style=\"font-size: small;\">I. Sol\u00e9, S. Guerrero, R. Moncl\u00fas, T. Llaurad\u00f3<\/span><\/pre>\n<\/td>\n<\/tr>\n<tr valign=\"TOP\">\n<td width=\"8%\">\n<pre><span style=\"font-size: small;\">2.7<\/span><\/pre>\n<\/td>\n<td width=\"69%\">\n<pre><span style=\"font-size: small;\">C. Quirante, M. Herrer\u00edas, S. Bort, C. Caball\u00e9<\/span><\/pre>\n<\/td>\n<\/tr>\n<tr valign=\"TOP\">\n<td width=\"23%\">\n<pre><span style=\"font-size: small;\">EDUCACI\u00d3 F\u00cdSICA<\/span><\/pre>\n<\/td>\n<td width=\"8%\">\n<pre><span style=\"font-size: small;\">2.8<\/span><\/pre>\n<\/td>\n<td width=\"69%\">\n<pre><span style=\"font-size: small;\">F. Moreno, I. Gili, N. Alcaide<\/span><\/pre>\n<\/td>\n<\/tr>\n<\/tbody>\n<\/table>\n<table style=\"width: 100%;\" border=\"1\" width=\"100%\" cellspacing=\"0\" cellpadding=\"4\">\n<tbody>\n<tr valign=\"TOP\">\n<td style=\"width: 31.4544%;\" width=\"23%\">\n<pre lang=\"en-GB\"><span style=\"font-size: small;\">CICLE TAPSD<\/span><\/pre>\n<\/td>\n<td style=\"width: 6.86921%;\" width=\"8%\">\n<pre lang=\"en-GB\"><span style=\"font-size: small;\">0.11<\/span><\/pre>\n<\/td>\n<td style=\"width: 62.2629%;\" width=\"69%\">\n<pre lang=\"en-GB\"><span style=\"font-size: small;\">M. Sanahuja, M. F\u00e0bregues-Boixar, E. L\u00f3pez, A. Trullols, A. Royo<\/span><\/pre>\n<\/td>\n<\/tr>\n<tr valign=\"TOP\">\n<td style=\"width: 31.4544%;\" rowspan=\"2\" width=\"23%\">\n<pre><span style=\"font-size: small;\">CICLE SMX<\/span><\/pre>\n<\/td>\n<td style=\"width: 6.86921%;\" width=\"8%\">\n<pre><span style=\"font-size: small;\">1.15<\/span><\/pre>\n<\/td>\n<td style=\"width: 62.2629%;\" width=\"69%\">\n<pre><span style=\"font-size: small;\">F. Culler\u00e9, R. Bar\u00f3, J. S\u00e1nchez<\/span><\/pre>\n<\/td>\n<\/tr>\n<tr valign=\"TOP\">\n<td style=\"width: 6.86921%;\" width=\"8%\">\n<pre><span style=\"font-size: small;\">1.16<\/span><\/pre>\n<\/td>\n<td style=\"width: 62.2629%;\" width=\"69%\">\n<pre><span style=\"font-size: small;\">P. Roger, X. Sol\u00e9, E. Borrega<\/span><\/pre>\n<\/td>\n<\/tr>\n<tr valign=\"TOP\">\n<td style=\"width: 31.4544%;\" width=\"23%\">\n<pre>SCOM<\/pre>\n<\/td>\n<td style=\"width: 6.86921%;\" width=\"8%\">\n<pre><span style=\"font-size: small;\">2.9<\/span><\/pre>\n<\/td>\n<td style=\"width: 62.2629%;\" width=\"69%\">\n<pre><span style=\"font-size: small;\">R. Mahiques, G. Afonso, L. Mas<\/span><\/pre>\n<\/td>\n<\/tr>\n<tr>\n<td style=\"width: 31.4544%;\">\n<pre>PFI<\/pre>\n<\/td>\n<td style=\"width: 6.86921%;\">\n<pre><span style=\"font-size: small;\">D1\r\n<\/span><\/pre>\n<\/td>\n<td style=\"width: 62.2629%;\">\n<pre><span style=\"font-size: small;\">A. Mart\u00ednez i S. Rubal\r\n<\/span><\/pre>\n<\/td>\n<\/tr>\n<\/tbody>\n<\/table>\n<p>&nbsp;<\/p>\n","protected":false},"excerpt":{"rendered":"<p><a href=\"https:\/\/agora.xtec.cat\/iesguinovarda\/wp-content\/uploads\/usu579\/2022\/11\/family.jpg\"><\/a>Benvolgudes fam\u00edlies,<br \/>\nUs informem que el proper dimecres dia 9 de novembre tornarem a celebrar al nostre centre el \u201cF\u00f2rum de les fam\u00edlies\u201d. Aquesta proposta neix de la necessitat de millorar la comunicaci\u00f3 institut&#8211;fam\u00edlies aix\u00ed com la implicaci\u00f3 de les fam\u00edlies en el desenvolupament acad\u00e8mic&hellip;  <a href=\"https:\/\/agora.xtec.cat\/iesguinovarda\/general\/forum-de-les-families\/\" title=\"Read F\u00d2RUM DE LES FAM\u00cdLIES\">Llegeix m\u00e9s\u00bb<\/a><\/p>\n","protected":false},"author":1,"featured_media":3593,"comment_status":"open","ping_status":"closed","sticky":false,"template":"","format":"standard","meta":{"_bbp_topic_count":0,"_bbp_reply_count":0,"_bbp_total_topic_count":0,"_bbp_total_reply_count":0,"_bbp_voice_count":0,"_bbp_anonymous_reply_count":0,"_bbp_topic_count_hidden":0,"_bbp_reply_count_hidden":0,"_bbp_forum_subforum_count":0,"footnotes":""},"categories":[1,29],"tags":[],"class_list":["post-3590","post","type-post","status-publish","format-standard","has-post-thumbnail","hentry","category-general","category-portada"],"post_mailing_queue_ids":[],"_links":{"self":[{"href":"https:\/\/agora.xtec.cat\/iesguinovarda\/wp-json\/wp\/v2\/posts\/3590","targetHints":{"allow":["GET"]}}],"collection":[{"href":"https:\/\/agora.xtec.cat\/iesguinovarda\/wp-json\/wp\/v2\/posts"}],"about":[{"href":"https:\/\/agora.xtec.cat\/iesguinovarda\/wp-json\/wp\/v2\/types\/post"}],"author":[{"embeddable":true,"href":"https:\/\/agora.xtec.cat\/iesguinovarda\/wp-json\/wp\/v2\/users\/1"}],"replies":[{"embeddable":true,"href":"https:\/\/agora.xtec.cat\/iesguinovarda\/wp-json\/wp\/v2\/comments?post=3590"}],"version-history":[{"count":3,"href":"https:\/\/agora.xtec.cat\/iesguinovarda\/wp-json\/wp\/v2\/posts\/3590\/revisions"}],"predecessor-version":[{"id":3596,"href":"https:\/\/agora.xtec.cat\/iesguinovarda\/wp-json\/wp\/v2\/posts\/3590\/revisions\/3596"}],"wp:featuredmedia":[{"embeddable":true,"href":"https:\/\/agora.xtec.cat\/iesguinovarda\/wp-json\/wp\/v2\/media\/3593"}],"wp:attachment":[{"href":"https:\/\/agora.xtec.cat\/iesguinovarda\/wp-json\/wp\/v2\/media?parent=3590"}],"wp:term":[{"taxonomy":"category","embeddable":true,"href":"https:\/\/agora.xtec.cat\/iesguinovarda\/wp-json\/wp\/v2\/categories?post=3590"},{"taxonomy":"post_tag","embeddable":true,"href":"https:\/\/agora.xtec.cat\/iesguinovarda\/wp-json\/wp\/v2\/tags?post=3590"}],"curies":[{"name":"wp","href":"https:\/\/api.w.org\/{rel}","templated":true}]}}