{"id":3587,"date":"2022-11-02T00:15:51","date_gmt":"2022-11-01T23:15:51","guid":{"rendered":"https:\/\/agora.xtec.cat\/iesguinovarda\/?p=3587"},"modified":"2022-11-02T00:16:47","modified_gmt":"2022-11-01T23:16:47","slug":"incorporem-la-tecnologia-digital-a-linstitut","status":"publish","type":"post","link":"https:\/\/agora.xtec.cat\/iesguinovarda\/general\/incorporem-la-tecnologia-digital-a-linstitut\/","title":{"rendered":"INCORPOREM LA TECNOLOGIA DIGITAL A L&#8217;INSTITUT!"},"content":{"rendered":"<p>Durant el mes d\u2019octubre, el professorat de l&#8217;institut va finalitzar la formaci\u00f3 sobre tecnologia digital que va comen\u00e7ar el curs passat. Aquest any, la Formaci\u00f3 Interna de Centre (FIC) s&#8217;ha centrat en el disseny de situacions d\u2019aprenentatge amb la incorporaci\u00f3 de la tecnologia digital. Amb aquestes sessions, es van proporcionar eines per continuar amb l&#8217;elaboraci\u00f3 de l&#8217;Estrat\u00e8gia digital de centre i poder incorporar-la en el nou curr\u00edculum.<\/p>\n","protected":false},"excerpt":{"rendered":"<p>Durant el mes d\u2019octubre, el professorat de l&#8217;institut va finalitzar la formaci\u00f3 sobre tecnologia digital que va comen\u00e7ar el curs passat. Aquest any, la Formaci\u00f3 Interna de Centre (FIC) s&#8217;ha centrat en el disseny de situacions d\u2019aprenentatge amb la incorporaci\u00f3 de la tecnologia digital. Amb&hellip;  <a href=\"https:\/\/agora.xtec.cat\/iesguinovarda\/general\/incorporem-la-tecnologia-digital-a-linstitut\/\" title=\"Read INCORPOREM LA TECNOLOGIA DIGITAL A L&#8217;INSTITUT!\">Llegeix m\u00e9s\u00bb<\/a><\/p>\n","protected":false},"author":5,"featured_media":3588,"comment_status":"closed","ping_status":"closed","sticky":false,"template":"","format":"standard","meta":{"_bbp_topic_count":0,"_bbp_reply_count":0,"_bbp_total_topic_count":0,"_bbp_total_reply_count":0,"_bbp_voice_count":0,"_bbp_anonymous_reply_count":0,"_bbp_topic_count_hidden":0,"_bbp_reply_count_hidden":0,"_bbp_forum_subforum_count":0,"footnotes":""},"categories":[1,29],"tags":[],"class_list":["post-3587","post","type-post","status-publish","format-standard","has-post-thumbnail","hentry","category-general","category-portada"],"post_mailing_queue_ids":[],"_links":{"self":[{"href":"https:\/\/agora.xtec.cat\/iesguinovarda\/wp-json\/wp\/v2\/posts\/3587","targetHints":{"allow":["GET"]}}],"collection":[{"href":"https:\/\/agora.xtec.cat\/iesguinovarda\/wp-json\/wp\/v2\/posts"}],"about":[{"href":"https:\/\/agora.xtec.cat\/iesguinovarda\/wp-json\/wp\/v2\/types\/post"}],"author":[{"embeddable":true,"href":"https:\/\/agora.xtec.cat\/iesguinovarda\/wp-json\/wp\/v2\/users\/5"}],"replies":[{"embeddable":true,"href":"https:\/\/agora.xtec.cat\/iesguinovarda\/wp-json\/wp\/v2\/comments?post=3587"}],"version-history":[{"count":1,"href":"https:\/\/agora.xtec.cat\/iesguinovarda\/wp-json\/wp\/v2\/posts\/3587\/revisions"}],"predecessor-version":[{"id":3589,"href":"https:\/\/agora.xtec.cat\/iesguinovarda\/wp-json\/wp\/v2\/posts\/3587\/revisions\/3589"}],"wp:featuredmedia":[{"embeddable":true,"href":"https:\/\/agora.xtec.cat\/iesguinovarda\/wp-json\/wp\/v2\/media\/3588"}],"wp:attachment":[{"href":"https:\/\/agora.xtec.cat\/iesguinovarda\/wp-json\/wp\/v2\/media?parent=3587"}],"wp:term":[{"taxonomy":"category","embeddable":true,"href":"https:\/\/agora.xtec.cat\/iesguinovarda\/wp-json\/wp\/v2\/categories?post=3587"},{"taxonomy":"post_tag","embeddable":true,"href":"https:\/\/agora.xtec.cat\/iesguinovarda\/wp-json\/wp\/v2\/tags?post=3587"}],"curies":[{"name":"wp","href":"https:\/\/api.w.org\/{rel}","templated":true}]}}