{"id":3563,"date":"2022-10-30T11:30:23","date_gmt":"2022-10-30T10:30:23","guid":{"rendered":"https:\/\/agora.xtec.cat\/iesguinovarda\/?p=3563"},"modified":"2022-10-30T12:42:29","modified_gmt":"2022-10-30T11:42:29","slug":"comunicat-amb-els-racons-emblematics-de-la-vila","status":"publish","type":"post","link":"https:\/\/agora.xtec.cat\/iesguinovarda\/eso\/eso-2\/comunicat-amb-els-racons-emblematics-de-la-vila\/","title":{"rendered":"COMUNICA&#8217;T AMB ELS RACONS EMBLEM\u00c0TICS DE LA VILA"},"content":{"rendered":"<p>Dilluns, 24 d\u2019octubre, els alumnes de 2n d\u2019ESO de l\u2019optativa <em><em>Comunica\u2019t<\/em><\/em> van visitar alguns dels llocs m\u00e9s emblem\u00e0tics de la vila. Es van aturar en aquells espais on les mans eren molt importants. Primer, l\u2019estaci\u00f3 de trens. El Joan Albert, conductor de trens jubilat, els va explicar la import\u00e0ncia que tenien per conduir els trens. Despr\u00e9s, la b\u00f2bila, on el Mart\u00ed Coral, exalumne del centre, els va contar com funcionava i l\u2019important que eren les mans per treballar el fang. El recorregut va finalitzar al safareig de la Font del Canyar, on es va remarcar el valor de les mans en aquestes tasques dom\u00e8stiques.<br \/>\nL\u2019objectiu d\u2019aquesta activitat \u00e9s que l\u2019alumnat d\u2019aquesta optativa, que compta amb la col\u00b7laboraci\u00f3 de l\u2019Isaac Posadas, un altre exalumne de l\u2019institut, treballi la cr\u00f2nica per despr\u00e9s poder redactar-ne una sobre com fan servir les mans durant les vint-i-quatre hores.<\/p>\n<p><a data-flickr-embed=\"true\" href=\"https:\/\/www.flickr.com\/photos\/insguinovarda\/albums\/72177720303294668\" title=\"Racons emblem\u00e0tics de Piera (2ESO)\"><img loading=\"lazy\" decoding=\"async\" src=\"https:\/\/live.staticflickr.com\/65535\/52464616464_1217afc0bb_z.jpg\" width=\"640\" height=\"480\" alt=\"Racons emblem\u00e0tics de Piera (2ESO)\"><\/a><script async src=\"\/\/embedr.flickr.com\/assets\/client-code.js\" charset=\"utf-8\"><\/script><\/p>\n","protected":false},"excerpt":{"rendered":"<p>Dilluns, 24 d\u2019octubre, els alumnes de 2n d\u2019ESO de l\u2019optativa Comunica\u2019t van visitar alguns dels llocs m\u00e9s emblem\u00e0tics de la vila. Es van aturar en aquells espais on les mans eren molt importants. Primer, l\u2019estaci\u00f3 de trens. El Joan Albert, conductor de trens jubilat, els&hellip;  <a href=\"https:\/\/agora.xtec.cat\/iesguinovarda\/eso\/eso-2\/comunicat-amb-els-racons-emblematics-de-la-vila\/\" title=\"Read COMUNICA&#8217;T AMB ELS RACONS EMBLEM\u00c0TICS DE LA VILA\">Llegeix m\u00e9s\u00bb<\/a><\/p>\n","protected":false},"author":5,"featured_media":3564,"comment_status":"closed","ping_status":"closed","sticky":false,"template":"","format":"standard","meta":{"_bbp_topic_count":0,"_bbp_reply_count":0,"_bbp_total_topic_count":0,"_bbp_total_reply_count":0,"_bbp_voice_count":0,"_bbp_anonymous_reply_count":0,"_bbp_topic_count_hidden":0,"_bbp_reply_count_hidden":0,"_bbp_forum_subforum_count":0,"footnotes":""},"categories":[5,29],"tags":[],"class_list":["post-3563","post","type-post","status-publish","format-standard","has-post-thumbnail","hentry","category-eso-2","category-portada"],"post_mailing_queue_ids":[],"_links":{"self":[{"href":"https:\/\/agora.xtec.cat\/iesguinovarda\/wp-json\/wp\/v2\/posts\/3563","targetHints":{"allow":["GET"]}}],"collection":[{"href":"https:\/\/agora.xtec.cat\/iesguinovarda\/wp-json\/wp\/v2\/posts"}],"about":[{"href":"https:\/\/agora.xtec.cat\/iesguinovarda\/wp-json\/wp\/v2\/types\/post"}],"author":[{"embeddable":true,"href":"https:\/\/agora.xtec.cat\/iesguinovarda\/wp-json\/wp\/v2\/users\/5"}],"replies":[{"embeddable":true,"href":"https:\/\/agora.xtec.cat\/iesguinovarda\/wp-json\/wp\/v2\/comments?post=3563"}],"version-history":[{"count":3,"href":"https:\/\/agora.xtec.cat\/iesguinovarda\/wp-json\/wp\/v2\/posts\/3563\/revisions"}],"predecessor-version":[{"id":3573,"href":"https:\/\/agora.xtec.cat\/iesguinovarda\/wp-json\/wp\/v2\/posts\/3563\/revisions\/3573"}],"wp:featuredmedia":[{"embeddable":true,"href":"https:\/\/agora.xtec.cat\/iesguinovarda\/wp-json\/wp\/v2\/media\/3564"}],"wp:attachment":[{"href":"https:\/\/agora.xtec.cat\/iesguinovarda\/wp-json\/wp\/v2\/media?parent=3563"}],"wp:term":[{"taxonomy":"category","embeddable":true,"href":"https:\/\/agora.xtec.cat\/iesguinovarda\/wp-json\/wp\/v2\/categories?post=3563"},{"taxonomy":"post_tag","embeddable":true,"href":"https:\/\/agora.xtec.cat\/iesguinovarda\/wp-json\/wp\/v2\/tags?post=3563"}],"curies":[{"name":"wp","href":"https:\/\/api.w.org\/{rel}","templated":true}]}}