{"id":3544,"date":"2022-10-30T08:27:17","date_gmt":"2022-10-30T07:27:17","guid":{"rendered":"https:\/\/agora.xtec.cat\/iesguinovarda\/?p=3544"},"modified":"2022-10-30T08:34:57","modified_gmt":"2022-10-30T07:34:57","slug":"lespaiverd-avanca-de-pet-cap-a-lescola-verda","status":"publish","type":"post","link":"https:\/\/agora.xtec.cat\/iesguinovarda\/general\/lespaiverd-avanca-de-pet-cap-a-lescola-verda\/","title":{"rendered":"L&#8217;ESPAIVERD AVAN\u00c7A DE PET CAP A L\u2019ESCOLA VERDA"},"content":{"rendered":"<p>La comissi\u00f3 EspaiVerd continua fent cam\u00ed vers l\u2019Escola Verda. \u00c9s per aix\u00f2 que han elaborat un cartell on es demana col\u00b7lobaraci\u00f3 per aconseguir-ho. L\u2019EspaiVerd \u00e9s de tots i per conscienciar tota la comunitat educativa ha llan\u00e7at uns missatges que reflecteixen la necessitat de fer un esfor\u00e7 per estalviar llum i d\u2019aigua, usar envasos reutilitzables, mantenir el pati sempre net i reciclar correctament. <\/p>\n","protected":false},"excerpt":{"rendered":"<p>La comissi\u00f3 EspaiVerd continua fent cam\u00ed vers l\u2019Escola Verda. \u00c9s per aix\u00f2 que han elaborat un cartell on es demana col\u00b7lobaraci\u00f3 per aconseguir-ho. L\u2019EspaiVerd \u00e9s de tots i per conscienciar tota la comunitat educativa ha llan\u00e7at uns missatges que reflecteixen la necessitat de fer un&hellip;  <a href=\"https:\/\/agora.xtec.cat\/iesguinovarda\/general\/lespaiverd-avanca-de-pet-cap-a-lescola-verda\/\" title=\"Read L&#8217;ESPAIVERD AVAN\u00c7A DE PET CAP A L\u2019ESCOLA VERDA\">Llegeix m\u00e9s\u00bb<\/a><\/p>\n","protected":false},"author":5,"featured_media":3547,"comment_status":"closed","ping_status":"closed","sticky":false,"template":"","format":"standard","meta":{"_bbp_topic_count":0,"_bbp_reply_count":0,"_bbp_total_topic_count":0,"_bbp_total_reply_count":0,"_bbp_voice_count":0,"_bbp_anonymous_reply_count":0,"_bbp_topic_count_hidden":0,"_bbp_reply_count_hidden":0,"_bbp_forum_subforum_count":0,"footnotes":""},"categories":[1,29],"tags":[],"class_list":["post-3544","post","type-post","status-publish","format-standard","has-post-thumbnail","hentry","category-general","category-portada"],"post_mailing_queue_ids":[],"_links":{"self":[{"href":"https:\/\/agora.xtec.cat\/iesguinovarda\/wp-json\/wp\/v2\/posts\/3544","targetHints":{"allow":["GET"]}}],"collection":[{"href":"https:\/\/agora.xtec.cat\/iesguinovarda\/wp-json\/wp\/v2\/posts"}],"about":[{"href":"https:\/\/agora.xtec.cat\/iesguinovarda\/wp-json\/wp\/v2\/types\/post"}],"author":[{"embeddable":true,"href":"https:\/\/agora.xtec.cat\/iesguinovarda\/wp-json\/wp\/v2\/users\/5"}],"replies":[{"embeddable":true,"href":"https:\/\/agora.xtec.cat\/iesguinovarda\/wp-json\/wp\/v2\/comments?post=3544"}],"version-history":[{"count":1,"href":"https:\/\/agora.xtec.cat\/iesguinovarda\/wp-json\/wp\/v2\/posts\/3544\/revisions"}],"predecessor-version":[{"id":3546,"href":"https:\/\/agora.xtec.cat\/iesguinovarda\/wp-json\/wp\/v2\/posts\/3544\/revisions\/3546"}],"wp:featuredmedia":[{"embeddable":true,"href":"https:\/\/agora.xtec.cat\/iesguinovarda\/wp-json\/wp\/v2\/media\/3547"}],"wp:attachment":[{"href":"https:\/\/agora.xtec.cat\/iesguinovarda\/wp-json\/wp\/v2\/media?parent=3544"}],"wp:term":[{"taxonomy":"category","embeddable":true,"href":"https:\/\/agora.xtec.cat\/iesguinovarda\/wp-json\/wp\/v2\/categories?post=3544"},{"taxonomy":"post_tag","embeddable":true,"href":"https:\/\/agora.xtec.cat\/iesguinovarda\/wp-json\/wp\/v2\/tags?post=3544"}],"curies":[{"name":"wp","href":"https:\/\/api.w.org\/{rel}","templated":true}]}}