{"id":3377,"date":"2022-06-27T17:01:10","date_gmt":"2022-06-27T15:01:10","guid":{"rendered":"https:\/\/agora.xtec.cat\/iesguinovarda\/?p=3377"},"modified":"2022-06-28T15:47:39","modified_gmt":"2022-06-28T13:47:39","slug":"festa-de-promocio-de-batxillerat-i-cicles","status":"publish","type":"post","link":"https:\/\/agora.xtec.cat\/iesguinovarda\/portada\/festa-de-promocio-de-batxillerat-i-cicles\/","title":{"rendered":"FESTA DE PROMOCI\u00d3 DE BATXILLERAT I CICLES"},"content":{"rendered":"<p>En el seg\u00fcent enlla\u00e7 podeu visualitzar la festa de promoci\u00f3 de batxillerat i cicles d&#8217;aquest curs.<\/p>\n<p>Va ser una festa bonica i molt emotiva, que podeu veure quan vulgueu!<\/p>\n<p><a href=\"https:\/\/youtu.be\/82ezNr7CnbM\">enlla\u00e7<\/a><\/p>\n<p><a href=\"https:\/\/agora.xtec.cat\/iesguinovarda\/wp-content\/uploads\/usu579\/2022\/06\/Cartell-youtube-1.png\"><img loading=\"lazy\" decoding=\"async\" class=\"alignnone wp-image-3393\" src=\"https:\/\/agora.xtec.cat\/iesguinovarda\/wp-content\/uploads\/usu579\/2022\/06\/Cartell-youtube-1-1024x585.png\" alt=\"\" width=\"400\" height=\"229\" srcset=\"https:\/\/agora.xtec.cat\/iesguinovarda\/wp-content\/uploads\/usu579\/2022\/06\/Cartell-youtube-1-1024x585.png 1024w, https:\/\/agora.xtec.cat\/iesguinovarda\/wp-content\/uploads\/usu579\/2022\/06\/Cartell-youtube-1-300x171.png 300w, https:\/\/agora.xtec.cat\/iesguinovarda\/wp-content\/uploads\/usu579\/2022\/06\/Cartell-youtube-1-768x439.png 768w, https:\/\/agora.xtec.cat\/iesguinovarda\/wp-content\/uploads\/usu579\/2022\/06\/Cartell-youtube-1.png 1050w\" sizes=\"auto, (max-width: 400px) 100vw, 400px\" \/><\/a><\/p>\n","protected":false},"excerpt":{"rendered":"<p>En el seg\u00fcent enlla\u00e7 podeu visualitzar la festa de promoci\u00f3 de batxillerat i cicles d&#8217;aquest curs.<br \/>\nVa ser una festa bonica i molt emotiva, que podeu veure quan vulgueu!<br \/>\n<a href=\"https:\/\/youtu.be\/82ezNr7CnbM\">enlla\u00e7<\/a><br \/>\n<a href=\"https:\/\/agora.xtec.cat\/iesguinovarda\/wp-content\/uploads\/usu579\/2022\/06\/Cartell-youtube-1.png\"><\/a><\/p>\n","protected":false},"author":1,"featured_media":0,"comment_status":"open","ping_status":"closed","sticky":false,"template":"","format":"standard","meta":{"_bbp_topic_count":0,"_bbp_reply_count":0,"_bbp_total_topic_count":0,"_bbp_total_reply_count":0,"_bbp_voice_count":0,"_bbp_anonymous_reply_count":0,"_bbp_topic_count_hidden":0,"_bbp_reply_count_hidden":0,"_bbp_forum_subforum_count":0,"footnotes":""},"categories":[29],"tags":[],"class_list":["post-3377","post","type-post","status-publish","format-standard","hentry","category-portada"],"post_mailing_queue_ids":[],"_links":{"self":[{"href":"https:\/\/agora.xtec.cat\/iesguinovarda\/wp-json\/wp\/v2\/posts\/3377","targetHints":{"allow":["GET"]}}],"collection":[{"href":"https:\/\/agora.xtec.cat\/iesguinovarda\/wp-json\/wp\/v2\/posts"}],"about":[{"href":"https:\/\/agora.xtec.cat\/iesguinovarda\/wp-json\/wp\/v2\/types\/post"}],"author":[{"embeddable":true,"href":"https:\/\/agora.xtec.cat\/iesguinovarda\/wp-json\/wp\/v2\/users\/1"}],"replies":[{"embeddable":true,"href":"https:\/\/agora.xtec.cat\/iesguinovarda\/wp-json\/wp\/v2\/comments?post=3377"}],"version-history":[{"count":4,"href":"https:\/\/agora.xtec.cat\/iesguinovarda\/wp-json\/wp\/v2\/posts\/3377\/revisions"}],"predecessor-version":[{"id":3400,"href":"https:\/\/agora.xtec.cat\/iesguinovarda\/wp-json\/wp\/v2\/posts\/3377\/revisions\/3400"}],"wp:attachment":[{"href":"https:\/\/agora.xtec.cat\/iesguinovarda\/wp-json\/wp\/v2\/media?parent=3377"}],"wp:term":[{"taxonomy":"category","embeddable":true,"href":"https:\/\/agora.xtec.cat\/iesguinovarda\/wp-json\/wp\/v2\/categories?post=3377"},{"taxonomy":"post_tag","embeddable":true,"href":"https:\/\/agora.xtec.cat\/iesguinovarda\/wp-json\/wp\/v2\/tags?post=3377"}],"curies":[{"name":"wp","href":"https:\/\/api.w.org\/{rel}","templated":true}]}}