{"id":3308,"date":"2022-06-14T14:16:30","date_gmt":"2022-06-14T12:16:30","guid":{"rendered":"https:\/\/agora.xtec.cat\/iesguinovarda\/?p=3308"},"modified":"2022-06-17T14:17:54","modified_gmt":"2022-06-17T12:17:54","slug":"cicle-formatiu-de-grau-basic","status":"publish","type":"post","link":"https:\/\/agora.xtec.cat\/iesguinovarda\/general\/cicle-formatiu-de-grau-basic\/","title":{"rendered":"CICLE FORMATIU DE GRAU B\u00c0SIC"},"content":{"rendered":"<p>Avui, 14 de juny, s&#8217;ha publicat la<strong> llista amb la puntuaci\u00f3 provisional<\/strong> dels alumnes que s&#8217;han preinscrit al cicle formatiu de grau b\u00e0sic de Serveis Comercials. La podeu consultar en l&#8217;enlla\u00e7 seg\u00fcent:\u00a0<a href=\"https:\/\/drive.google.com\/file\/d\/1ILGkzdwk0OgN2-caujRCp9Bf0kuXi0xU\/view?usp=sharing\" target=\"_blank\" rel=\"noopener\">https:\/\/agora.xtec.cat\/iesguinovarda\/secretaria\/preinscripcio-cicle-formatiu-de-grau-basic\/<\/a><\/p>\n<p><strong>Termini per presentar reclamacions a la puntuaci\u00f3 provisional<\/strong>:\u00a0 <strong>15 i 16 de juny<\/strong>. Per presentar una reclamaci\u00f3 heu de fer una inst\u00e0ncia telem\u00e0tica, accedint a trav\u00e9s d&#8217;aquest enlla\u00e7:\u00a0<a href=\"https:\/\/agora.xtec.cat\/iesguinovarda\/secretaria\/instancia\/\" target=\"_blank\" rel=\"noopener\">https:\/\/agora.xtec.cat\/iesguinovarda\/secretaria\/instancia\/<\/a><\/p>\n<p><strong>Divendres 17 de juny es far\u00e0 un sorteig per determinar el n\u00famero de desempat<\/strong> a partir del qual s&#8217;ordenaran les sol\u00b7licituds que tinguin la mateixa puntuaci\u00f3. \u00c9s un acte p\u00fablic i pot assistir-hi tothom que ho desitgi. <strong>Tindr\u00e0 lloc a les 9 h al vest\u00edbul de l&#8217;Institut<\/strong>.<\/p>\n<p>El mateix divendres<strong> dia 17, a partir de les 10 h, es publicar\u00e0 a la p\u00e0gina web la llista d&#8217;alumnes admesos i la llista d&#8217;espera<\/strong>.<\/p>\n<p>Podeu consultar totes les llistes a l&#8217;enlla\u00e7 seg\u00fcent:\u00a0<a href=\"https:\/\/agora.xtec.cat\/iesguinovarda\/secretaria\/preinscripcio-cicle-formatiu-de-grau-basic\/\" target=\"_blank\" rel=\"noopener\">https:\/\/agora.xtec.cat\/iesguinovarda\/secretaria\/preinscripcio-cicle-formatiu-de-grau-basic\/<\/a><\/p>\n<p>&nbsp;<\/p>\n<p>&nbsp;<\/p>\n","protected":false},"excerpt":{"rendered":"<p>Avui, 14 de juny, s&#8217;ha publicat la llista amb la puntuaci\u00f3 provisional dels alumnes que s&#8217;han preinscrit al cicle formatiu de grau b\u00e0sic de Serveis Comercials. La podeu consultar en l&#8217;enlla\u00e7 seg\u00fcent:\u00a0<a href=\"https:\/\/drive.google.com\/file\/d\/1ILGkzdwk0OgN2-caujRCp9Bf0kuXi0xU\/view?usp=sharing\" target=\"_blank\" rel=\"noopener\">https:\/\/agora.xtec.cat\/iesguinovarda\/secretaria\/preinscripcio-cicle-formatiu-de-grau-basic\/<\/a><br \/>\nTermini per presentar reclamacions a la puntuaci\u00f3 provisional:\u00a0 15 i 16&hellip;  <a href=\"https:\/\/agora.xtec.cat\/iesguinovarda\/general\/cicle-formatiu-de-grau-basic\/\" title=\"Read CICLE FORMATIU DE GRAU B\u00c0SIC\">Llegeix m\u00e9s\u00bb<\/a><\/p>\n","protected":false},"author":3,"featured_media":0,"comment_status":"closed","ping_status":"closed","sticky":false,"template":"","format":"standard","meta":{"_bbp_topic_count":0,"_bbp_reply_count":0,"_bbp_total_topic_count":0,"_bbp_total_reply_count":0,"_bbp_voice_count":0,"_bbp_anonymous_reply_count":0,"_bbp_topic_count_hidden":0,"_bbp_reply_count_hidden":0,"_bbp_forum_subforum_count":0,"footnotes":""},"categories":[1,29,105],"tags":[],"class_list":["post-3308","post","type-post","status-publish","format-standard","hentry","category-general","category-portada","category-secretaria"],"post_mailing_queue_ids":[],"_links":{"self":[{"href":"https:\/\/agora.xtec.cat\/iesguinovarda\/wp-json\/wp\/v2\/posts\/3308","targetHints":{"allow":["GET"]}}],"collection":[{"href":"https:\/\/agora.xtec.cat\/iesguinovarda\/wp-json\/wp\/v2\/posts"}],"about":[{"href":"https:\/\/agora.xtec.cat\/iesguinovarda\/wp-json\/wp\/v2\/types\/post"}],"author":[{"embeddable":true,"href":"https:\/\/agora.xtec.cat\/iesguinovarda\/wp-json\/wp\/v2\/users\/3"}],"replies":[{"embeddable":true,"href":"https:\/\/agora.xtec.cat\/iesguinovarda\/wp-json\/wp\/v2\/comments?post=3308"}],"version-history":[{"count":3,"href":"https:\/\/agora.xtec.cat\/iesguinovarda\/wp-json\/wp\/v2\/posts\/3308\/revisions"}],"predecessor-version":[{"id":3334,"href":"https:\/\/agora.xtec.cat\/iesguinovarda\/wp-json\/wp\/v2\/posts\/3308\/revisions\/3334"}],"wp:attachment":[{"href":"https:\/\/agora.xtec.cat\/iesguinovarda\/wp-json\/wp\/v2\/media?parent=3308"}],"wp:term":[{"taxonomy":"category","embeddable":true,"href":"https:\/\/agora.xtec.cat\/iesguinovarda\/wp-json\/wp\/v2\/categories?post=3308"},{"taxonomy":"post_tag","embeddable":true,"href":"https:\/\/agora.xtec.cat\/iesguinovarda\/wp-json\/wp\/v2\/tags?post=3308"}],"curies":[{"name":"wp","href":"https:\/\/api.w.org\/{rel}","templated":true}]}}