{"id":3272,"date":"2022-06-02T07:25:48","date_gmt":"2022-06-02T05:25:48","guid":{"rendered":"https:\/\/agora.xtec.cat\/iesguinovarda\/?p=3272"},"modified":"2022-06-02T07:27:11","modified_gmt":"2022-06-02T05:27:11","slug":"lassociacio-dispiera-visita-lins-guniovarda","status":"publish","type":"post","link":"https:\/\/agora.xtec.cat\/iesguinovarda\/general\/lassociacio-dispiera-visita-lins-guniovarda\/","title":{"rendered":"L\u2019ASSOCIACI\u00d3 DISPIERA VISITA L\u2019INS GUINOVARDA"},"content":{"rendered":"<p>Divendres, 27 de maig, l&#8217;Associaci\u00f3 de fam\u00edlies amb fills discapacitats ps\u00edquics de Piera (Dispiera) va oferir una xerrada als alumnes de primer del Cicle Formatiu de T\u00e8cnic\/a en Atenci\u00f3 a Persones en Situaci\u00f3 de Depend\u00e8ncia per donar a con\u00e8ixer la tasca que es duu a terme des de les associacions de fam\u00edlies amb fills discapacitats.<br \/>\nVa ser una xerrada molt enriquidora per als alumnes perqu\u00e8 van poder veure la important tasca que realitzen aquestes associacions. A m\u00e9s, van con\u00e8ixer com \u00e9s el dia a dia del col\u00b7lectiu de discapacitats ps\u00edquics i les principals necessitats que presenten.<\/p>\n","protected":false},"excerpt":{"rendered":"<p>Divendres, 27 de maig, l&#8217;Associaci\u00f3 de fam\u00edlies amb fills discapacitats ps\u00edquics de Piera (Dispiera) va oferir una xerrada als alumnes de primer del Cicle Formatiu de T\u00e8cnic\/a en Atenci\u00f3 a Persones en Situaci\u00f3 de Depend\u00e8ncia per donar a con\u00e8ixer la tasca que es duu a&hellip;  <a href=\"https:\/\/agora.xtec.cat\/iesguinovarda\/general\/lassociacio-dispiera-visita-lins-guniovarda\/\" title=\"Read L\u2019ASSOCIACI\u00d3 DISPIERA VISITA L\u2019INS GUINOVARDA\">Llegeix m\u00e9s\u00bb<\/a><\/p>\n","protected":false},"author":5,"featured_media":3274,"comment_status":"closed","ping_status":"closed","sticky":false,"template":"","format":"standard","meta":{"_bbp_topic_count":0,"_bbp_reply_count":0,"_bbp_total_topic_count":0,"_bbp_total_reply_count":0,"_bbp_voice_count":0,"_bbp_anonymous_reply_count":0,"_bbp_topic_count_hidden":0,"_bbp_reply_count_hidden":0,"_bbp_forum_subforum_count":0,"footnotes":""},"categories":[30,1,29,110],"tags":[],"class_list":["post-3272","post","type-post","status-publish","format-standard","has-post-thumbnail","hentry","category-cicles-formatius","category-general","category-portada","category-tapsd-1"],"post_mailing_queue_ids":[],"_links":{"self":[{"href":"https:\/\/agora.xtec.cat\/iesguinovarda\/wp-json\/wp\/v2\/posts\/3272","targetHints":{"allow":["GET"]}}],"collection":[{"href":"https:\/\/agora.xtec.cat\/iesguinovarda\/wp-json\/wp\/v2\/posts"}],"about":[{"href":"https:\/\/agora.xtec.cat\/iesguinovarda\/wp-json\/wp\/v2\/types\/post"}],"author":[{"embeddable":true,"href":"https:\/\/agora.xtec.cat\/iesguinovarda\/wp-json\/wp\/v2\/users\/5"}],"replies":[{"embeddable":true,"href":"https:\/\/agora.xtec.cat\/iesguinovarda\/wp-json\/wp\/v2\/comments?post=3272"}],"version-history":[{"count":3,"href":"https:\/\/agora.xtec.cat\/iesguinovarda\/wp-json\/wp\/v2\/posts\/3272\/revisions"}],"predecessor-version":[{"id":3277,"href":"https:\/\/agora.xtec.cat\/iesguinovarda\/wp-json\/wp\/v2\/posts\/3272\/revisions\/3277"}],"wp:featuredmedia":[{"embeddable":true,"href":"https:\/\/agora.xtec.cat\/iesguinovarda\/wp-json\/wp\/v2\/media\/3274"}],"wp:attachment":[{"href":"https:\/\/agora.xtec.cat\/iesguinovarda\/wp-json\/wp\/v2\/media?parent=3272"}],"wp:term":[{"taxonomy":"category","embeddable":true,"href":"https:\/\/agora.xtec.cat\/iesguinovarda\/wp-json\/wp\/v2\/categories?post=3272"},{"taxonomy":"post_tag","embeddable":true,"href":"https:\/\/agora.xtec.cat\/iesguinovarda\/wp-json\/wp\/v2\/tags?post=3272"}],"curies":[{"name":"wp","href":"https:\/\/api.w.org\/{rel}","templated":true}]}}