{"id":3202,"date":"2022-05-01T12:14:27","date_gmt":"2022-05-01T10:14:27","guid":{"rendered":"https:\/\/agora.xtec.cat\/iesguinovarda\/?p=3202"},"modified":"2022-05-01T12:14:27","modified_gmt":"2022-05-01T10:14:27","slug":"lins-guinovarda-se-solidaritza-amb-ucraina","status":"publish","type":"post","link":"https:\/\/agora.xtec.cat\/iesguinovarda\/portada\/lins-guinovarda-se-solidaritza-amb-ucraina\/","title":{"rendered":"L\u2019INS GUINOVARDA SE SOLIDARITZA AMB UCRA\u00cfNA"},"content":{"rendered":"<p>El 23 i 24 d&#8217;abril es va celebrar a Piera la Fira del Sant Crist. Entre les m\u00e9s de dues-centes parades i els milers de visitants, els alumnes de 2n de Batxillerat van instal\u00b7lar al recinte firal una paradeta i van realitzar un taller de ci\u00e8ncia i uns altres per a la canalla perqu\u00e8 passessin una estona entretinguda.<br \/>\nTots els diners recaptats amb la rifa de les paneres solid\u00e0ries, la venda de productes de segona m\u00e0 i els tallers van ser destinats per ajudar al poble ucra\u00efn\u00e8s.<\/p>\n","protected":false},"excerpt":{"rendered":"<p>El 23 i 24 d&#8217;abril es va celebrar a Piera la Fira del Sant Crist. Entre les m\u00e9s de dues-centes parades i els milers de visitants, els alumnes de 2n de Batxillerat van instal\u00b7lar al recinte firal una paradeta i van realitzar un taller de&hellip;  <a href=\"https:\/\/agora.xtec.cat\/iesguinovarda\/portada\/lins-guinovarda-se-solidaritza-amb-ucraina\/\" title=\"Read L\u2019INS GUINOVARDA SE SOLIDARITZA AMB UCRA\u00cfNA\">Llegeix m\u00e9s\u00bb<\/a><\/p>\n","protected":false},"author":5,"featured_media":3203,"comment_status":"open","ping_status":"closed","sticky":false,"template":"","format":"standard","meta":{"_bbp_topic_count":0,"_bbp_reply_count":0,"_bbp_total_topic_count":0,"_bbp_total_reply_count":0,"_bbp_voice_count":0,"_bbp_anonymous_reply_count":0,"_bbp_topic_count_hidden":0,"_bbp_reply_count_hidden":0,"_bbp_forum_subforum_count":0,"footnotes":""},"categories":[109,29],"tags":[],"class_list":["post-3202","post","type-post","status-publish","format-standard","has-post-thumbnail","hentry","category-batx-2","category-portada"],"post_mailing_queue_ids":[],"_links":{"self":[{"href":"https:\/\/agora.xtec.cat\/iesguinovarda\/wp-json\/wp\/v2\/posts\/3202","targetHints":{"allow":["GET"]}}],"collection":[{"href":"https:\/\/agora.xtec.cat\/iesguinovarda\/wp-json\/wp\/v2\/posts"}],"about":[{"href":"https:\/\/agora.xtec.cat\/iesguinovarda\/wp-json\/wp\/v2\/types\/post"}],"author":[{"embeddable":true,"href":"https:\/\/agora.xtec.cat\/iesguinovarda\/wp-json\/wp\/v2\/users\/5"}],"replies":[{"embeddable":true,"href":"https:\/\/agora.xtec.cat\/iesguinovarda\/wp-json\/wp\/v2\/comments?post=3202"}],"version-history":[{"count":1,"href":"https:\/\/agora.xtec.cat\/iesguinovarda\/wp-json\/wp\/v2\/posts\/3202\/revisions"}],"predecessor-version":[{"id":3204,"href":"https:\/\/agora.xtec.cat\/iesguinovarda\/wp-json\/wp\/v2\/posts\/3202\/revisions\/3204"}],"wp:featuredmedia":[{"embeddable":true,"href":"https:\/\/agora.xtec.cat\/iesguinovarda\/wp-json\/wp\/v2\/media\/3203"}],"wp:attachment":[{"href":"https:\/\/agora.xtec.cat\/iesguinovarda\/wp-json\/wp\/v2\/media?parent=3202"}],"wp:term":[{"taxonomy":"category","embeddable":true,"href":"https:\/\/agora.xtec.cat\/iesguinovarda\/wp-json\/wp\/v2\/categories?post=3202"},{"taxonomy":"post_tag","embeddable":true,"href":"https:\/\/agora.xtec.cat\/iesguinovarda\/wp-json\/wp\/v2\/tags?post=3202"}],"curies":[{"name":"wp","href":"https:\/\/api.w.org\/{rel}","templated":true}]}}