{"id":3172,"date":"2022-04-20T14:09:31","date_gmt":"2022-04-20T12:09:31","guid":{"rendered":"https:\/\/agora.xtec.cat\/iesguinovarda\/?p=3172"},"modified":"2022-04-20T14:09:31","modified_gmt":"2022-04-20T12:09:31","slug":"taller-de-lajuntament-per-a-la-tramitacio-de-beques","status":"publish","type":"post","link":"https:\/\/agora.xtec.cat\/iesguinovarda\/portada\/taller-de-lajuntament-per-a-la-tramitacio-de-beques\/","title":{"rendered":"TALLER DE L&#8217;AJUNTAMENT PER A LA TRAMITACI\u00d3 DE BEQUES"},"content":{"rendered":"<p>L&#8217;Ajuntament de Piera oferir\u00e0 el proper <strong>27 d&#8217;abril<\/strong> un taller per acompanyar el jovent en la tramitaci\u00f3 de beques. <strong>Cal inscripci\u00f3 pr\u00e8via<\/strong> ja que les places s\u00f3n limitades.<\/p>\n<p>Trobareu tota la informaci\u00f3 en aquest enlla\u00e7:\u00a0\u00a0<a href=\"https:\/\/www.viladepiera.cat\/actualitat\/noticies\/2022\/04\/12\/es-posa-en-marxa-un-taller-per-acompanyar-el-jovent-en-la-tramitacio-de-beques\" target=\"_blank\" rel=\"noopener\">https:\/\/www.viladepiera.cat\/actualitat\/noticies\/2022\/04\/12\/es-posa-en-marxa-un-taller-per-acompanyar-el-jovent-en-la-tramitacio-de-beques<\/a><\/p>\n<p><strong>Us recordem que el termini per sol\u00b7licitar beca per a estudis postobligatoris per al proper curs finalitza el 12 de maig.<\/strong><\/p>\n","protected":false},"excerpt":{"rendered":"<p>L&#8217;Ajuntament de Piera oferir\u00e0 el proper 27 d&#8217;abril un taller per acompanyar el jovent en la tramitaci\u00f3 de beques. Cal inscripci\u00f3 pr\u00e8via ja que les places s\u00f3n limitades.<br \/>\nTrobareu tota la informaci\u00f3 en aquest enlla\u00e7:\u00a0\u00a0<a href=\"https:\/\/www.viladepiera.cat\/actualitat\/noticies\/2022\/04\/12\/es-posa-en-marxa-un-taller-per-acompanyar-el-jovent-en-la-tramitacio-de-beques\" target=\"_blank\" rel=\"noopener\">https:\/\/www.viladepiera.cat\/actualitat\/noticies\/2022\/04\/12\/es-posa-en-marxa-un-taller-per-acompanyar-el-jovent-en-la-tramitacio-de-beques<\/a><br \/>\nUs recordem que el termini per sol\u00b7licitar beca per&hellip;  <a href=\"https:\/\/agora.xtec.cat\/iesguinovarda\/portada\/taller-de-lajuntament-per-a-la-tramitacio-de-beques\/\" title=\"Read TALLER DE L&#8217;AJUNTAMENT PER A LA TRAMITACI\u00d3 DE BEQUES\">Llegeix m\u00e9s\u00bb<\/a><\/p>\n","protected":false},"author":3,"featured_media":0,"comment_status":"closed","ping_status":"closed","sticky":false,"template":"","format":"standard","meta":{"_bbp_topic_count":0,"_bbp_reply_count":0,"_bbp_total_topic_count":0,"_bbp_total_reply_count":0,"_bbp_voice_count":0,"_bbp_anonymous_reply_count":0,"_bbp_topic_count_hidden":0,"_bbp_reply_count_hidden":0,"_bbp_forum_subforum_count":0,"footnotes":""},"categories":[29,105],"tags":[],"class_list":["post-3172","post","type-post","status-publish","format-standard","hentry","category-portada","category-secretaria"],"post_mailing_queue_ids":[],"_links":{"self":[{"href":"https:\/\/agora.xtec.cat\/iesguinovarda\/wp-json\/wp\/v2\/posts\/3172","targetHints":{"allow":["GET"]}}],"collection":[{"href":"https:\/\/agora.xtec.cat\/iesguinovarda\/wp-json\/wp\/v2\/posts"}],"about":[{"href":"https:\/\/agora.xtec.cat\/iesguinovarda\/wp-json\/wp\/v2\/types\/post"}],"author":[{"embeddable":true,"href":"https:\/\/agora.xtec.cat\/iesguinovarda\/wp-json\/wp\/v2\/users\/3"}],"replies":[{"embeddable":true,"href":"https:\/\/agora.xtec.cat\/iesguinovarda\/wp-json\/wp\/v2\/comments?post=3172"}],"version-history":[{"count":1,"href":"https:\/\/agora.xtec.cat\/iesguinovarda\/wp-json\/wp\/v2\/posts\/3172\/revisions"}],"predecessor-version":[{"id":3173,"href":"https:\/\/agora.xtec.cat\/iesguinovarda\/wp-json\/wp\/v2\/posts\/3172\/revisions\/3173"}],"wp:attachment":[{"href":"https:\/\/agora.xtec.cat\/iesguinovarda\/wp-json\/wp\/v2\/media?parent=3172"}],"wp:term":[{"taxonomy":"category","embeddable":true,"href":"https:\/\/agora.xtec.cat\/iesguinovarda\/wp-json\/wp\/v2\/categories?post=3172"},{"taxonomy":"post_tag","embeddable":true,"href":"https:\/\/agora.xtec.cat\/iesguinovarda\/wp-json\/wp\/v2\/tags?post=3172"}],"curies":[{"name":"wp","href":"https:\/\/api.w.org\/{rel}","templated":true}]}}