{"id":3100,"date":"2022-04-03T19:28:46","date_gmt":"2022-04-03T17:28:46","guid":{"rendered":"https:\/\/agora.xtec.cat\/iesguinovarda\/?p=3100"},"modified":"2022-04-03T19:28:46","modified_gmt":"2022-04-03T17:28:46","slug":"el-guinovarda-alca-la-veu","status":"publish","type":"post","link":"https:\/\/agora.xtec.cat\/iesguinovarda\/general\/el-guinovarda-alca-la-veu\/","title":{"rendered":"EL GUINOVARDA AL\u00c7A LA VEU!!!"},"content":{"rendered":"<p>El 16 i 29 de mar\u00e7, professors de l\u2019INS Guinovarda es van sumar a les manifestacions de Manresa i de Barcelona per reclamar millores per a l\u2019ensenyament p\u00fablic i demanar la dimissi\u00f3 del Conseller.<br \/>\nDes de l\u2019institut, els alumnes tamb\u00e9 van aportar el seu gra de sorra i van penjar uns murals reclamant \u201cUna educaci\u00f3 p\u00fablica de qualitat\u201d, \u201cMenys retallades i m\u00e9s inversi\u00f3\u201d, \u201cNo s\u00f3n vacances, s\u00f3n mancances\u201d i \u201cM\u00e9s di\u00e0leg i menys imposici\u00f3\u201d.<\/p>\n","protected":false},"excerpt":{"rendered":"<p>El 16 i 29 de mar\u00e7, professors de l\u2019INS Guinovarda es van sumar a les manifestacions de Manresa i de Barcelona per reclamar millores per a l\u2019ensenyament p\u00fablic i demanar la dimissi\u00f3 del Conseller.<br \/>\nDes de l\u2019institut, els alumnes tamb\u00e9 van aportar el seu gra de&hellip;  <a href=\"https:\/\/agora.xtec.cat\/iesguinovarda\/general\/el-guinovarda-alca-la-veu\/\" title=\"Read EL GUINOVARDA AL\u00c7A LA VEU!!!\">Llegeix m\u00e9s\u00bb<\/a><\/p>\n","protected":false},"author":5,"featured_media":3101,"comment_status":"closed","ping_status":"closed","sticky":false,"template":"","format":"standard","meta":{"_bbp_topic_count":0,"_bbp_reply_count":0,"_bbp_total_topic_count":0,"_bbp_total_reply_count":0,"_bbp_voice_count":0,"_bbp_anonymous_reply_count":0,"_bbp_topic_count_hidden":0,"_bbp_reply_count_hidden":0,"_bbp_forum_subforum_count":0,"footnotes":""},"categories":[1,29],"tags":[],"class_list":["post-3100","post","type-post","status-publish","format-standard","has-post-thumbnail","hentry","category-general","category-portada"],"post_mailing_queue_ids":[],"_links":{"self":[{"href":"https:\/\/agora.xtec.cat\/iesguinovarda\/wp-json\/wp\/v2\/posts\/3100","targetHints":{"allow":["GET"]}}],"collection":[{"href":"https:\/\/agora.xtec.cat\/iesguinovarda\/wp-json\/wp\/v2\/posts"}],"about":[{"href":"https:\/\/agora.xtec.cat\/iesguinovarda\/wp-json\/wp\/v2\/types\/post"}],"author":[{"embeddable":true,"href":"https:\/\/agora.xtec.cat\/iesguinovarda\/wp-json\/wp\/v2\/users\/5"}],"replies":[{"embeddable":true,"href":"https:\/\/agora.xtec.cat\/iesguinovarda\/wp-json\/wp\/v2\/comments?post=3100"}],"version-history":[{"count":1,"href":"https:\/\/agora.xtec.cat\/iesguinovarda\/wp-json\/wp\/v2\/posts\/3100\/revisions"}],"predecessor-version":[{"id":3102,"href":"https:\/\/agora.xtec.cat\/iesguinovarda\/wp-json\/wp\/v2\/posts\/3100\/revisions\/3102"}],"wp:featuredmedia":[{"embeddable":true,"href":"https:\/\/agora.xtec.cat\/iesguinovarda\/wp-json\/wp\/v2\/media\/3101"}],"wp:attachment":[{"href":"https:\/\/agora.xtec.cat\/iesguinovarda\/wp-json\/wp\/v2\/media?parent=3100"}],"wp:term":[{"taxonomy":"category","embeddable":true,"href":"https:\/\/agora.xtec.cat\/iesguinovarda\/wp-json\/wp\/v2\/categories?post=3100"},{"taxonomy":"post_tag","embeddable":true,"href":"https:\/\/agora.xtec.cat\/iesguinovarda\/wp-json\/wp\/v2\/tags?post=3100"}],"curies":[{"name":"wp","href":"https:\/\/api.w.org\/{rel}","templated":true}]}}