{"id":3076,"date":"2022-03-22T10:24:25","date_gmt":"2022-03-22T09:24:25","guid":{"rendered":"https:\/\/agora.xtec.cat\/iesguinovarda\/?p=3076"},"modified":"2022-03-28T12:34:57","modified_gmt":"2022-03-28T10:34:57","slug":"23-de-marc-vaga-de-dalumnat-i-professorat","status":"publish","type":"post","link":"https:\/\/agora.xtec.cat\/iesguinovarda\/general\/23-de-marc-vaga-de-dalumnat-i-professorat\/","title":{"rendered":"29 i 30 DE MAR\u00c7: VAGA DE D&#8217;ALUMNAT I PROFESSORAT"},"content":{"rendered":"<p>Hi ha convocada una vaga pel dimarts dia 29 i pel dimecres dia 30 de mar\u00e7 tant d&#8217;alumnat com de professorat.<\/p>\n<p lang=\"ca-ES\"><strong>Les classes del professorat que faci vaga NO es cobriran amb professorat de gu\u00e0rdia.<\/strong><\/p>\n<p lang=\"ca-ES\">L&#8217;institut restar\u00e0 obert amb els <strong>serveis m\u00ednims<\/strong> establerts per la normativa i els alumnes que vinguin seran atesos pel professorat que hi h<span style=\"font-family: inherit; font-size: 1em;\">agi al centre.<\/span><\/p>\n<p>Han demanat fer vaga els grups de 3r d&#8217;ESO, 4t d&#8217;ESO, 1r de BATX A i B, 2n de BATX A i B, i cicles (TAPSD, SMX, SCOM). 1r de Batxillerat C nom\u00e9s el dia 30.<\/p>\n<p>Els alumnes de 1r i 2n d&#8217;ESO no tenen dret a fer vaga.<\/p>\n<p>Recordem que el dret de fer\u00a0vaga \u00e9s individual i que cadasc\u00fa pot decidir si fer-la o no.<\/p>\n<p>Cal que els alumnes alumnes de 3r i 4t d&#8217;ESO i Serveis Comercials portin el justificant signat pels pares per poder justificar la falta o els pares la justifiquin via correu electr\u00f2nic al tutor\/a.<\/p>\n<p>El professorat no pot dur a terme ex\u00e0mens ni activitats avaluables que perjudiquin la nota dels alumnes que fan vaga,\u00a0 per\u00f2 si avan\u00e7ar mat\u00e8ria.<\/p>\n<p>El servei de transport funcionar\u00e0 amb normalitat.<\/p>\n","protected":false},"excerpt":{"rendered":"<p>Hi ha convocada una vaga pel dimarts dia 29 i pel dimecres dia 30 de mar\u00e7 tant d&#8217;alumnat com de professorat.<br \/>\nLes classes del professorat que faci vaga NO es cobriran amb professorat de gu\u00e0rdia.<br \/>\nL&#8217;institut restar\u00e0 obert amb els serveis m\u00ednims establerts per la normativa i&hellip;  <a href=\"https:\/\/agora.xtec.cat\/iesguinovarda\/general\/23-de-marc-vaga-de-dalumnat-i-professorat\/\" title=\"Read 29 i 30 DE MAR\u00c7: VAGA DE D&#8217;ALUMNAT I PROFESSORAT\">Llegeix m\u00e9s\u00bb<\/a><\/p>\n","protected":false},"author":1,"featured_media":0,"comment_status":"open","ping_status":"closed","sticky":false,"template":"","format":"standard","meta":{"_bbp_topic_count":0,"_bbp_reply_count":0,"_bbp_total_topic_count":0,"_bbp_total_reply_count":0,"_bbp_voice_count":0,"_bbp_anonymous_reply_count":0,"_bbp_topic_count_hidden":0,"_bbp_reply_count_hidden":0,"_bbp_forum_subforum_count":0,"footnotes":""},"categories":[1,29],"tags":[],"class_list":["post-3076","post","type-post","status-publish","format-standard","hentry","category-general","category-portada"],"post_mailing_queue_ids":[],"_links":{"self":[{"href":"https:\/\/agora.xtec.cat\/iesguinovarda\/wp-json\/wp\/v2\/posts\/3076","targetHints":{"allow":["GET"]}}],"collection":[{"href":"https:\/\/agora.xtec.cat\/iesguinovarda\/wp-json\/wp\/v2\/posts"}],"about":[{"href":"https:\/\/agora.xtec.cat\/iesguinovarda\/wp-json\/wp\/v2\/types\/post"}],"author":[{"embeddable":true,"href":"https:\/\/agora.xtec.cat\/iesguinovarda\/wp-json\/wp\/v2\/users\/1"}],"replies":[{"embeddable":true,"href":"https:\/\/agora.xtec.cat\/iesguinovarda\/wp-json\/wp\/v2\/comments?post=3076"}],"version-history":[{"count":3,"href":"https:\/\/agora.xtec.cat\/iesguinovarda\/wp-json\/wp\/v2\/posts\/3076\/revisions"}],"predecessor-version":[{"id":3093,"href":"https:\/\/agora.xtec.cat\/iesguinovarda\/wp-json\/wp\/v2\/posts\/3076\/revisions\/3093"}],"wp:attachment":[{"href":"https:\/\/agora.xtec.cat\/iesguinovarda\/wp-json\/wp\/v2\/media?parent=3076"}],"wp:term":[{"taxonomy":"category","embeddable":true,"href":"https:\/\/agora.xtec.cat\/iesguinovarda\/wp-json\/wp\/v2\/categories?post=3076"},{"taxonomy":"post_tag","embeddable":true,"href":"https:\/\/agora.xtec.cat\/iesguinovarda\/wp-json\/wp\/v2\/tags?post=3076"}],"curies":[{"name":"wp","href":"https:\/\/api.w.org\/{rel}","templated":true}]}}