{"id":3003,"date":"2024-09-26T10:00:30","date_gmt":"2024-09-26T08:00:30","guid":{"rendered":"https:\/\/agora.xtec.cat\/iesguinovarda\/?p=3003"},"modified":"2024-09-26T10:49:57","modified_gmt":"2024-09-26T08:49:57","slug":"vaga-divendres-27-de-setembre","status":"publish","type":"post","link":"https:\/\/agora.xtec.cat\/iesguinovarda\/general\/vaga-divendres-27-de-setembre\/","title":{"rendered":"VAGA DIVENDRES 27 DE SETEMBRE"},"content":{"rendered":"<div>Hi ha convocada una\u00a0<span class=\"il\">vaga<\/span> pel divendres\u00a0 <span class=\"il\">27<\/span> de setembre tant d&#8217;alumnat com de professorat.<\/div>\n<div><\/div>\n<div>\n<p lang=\"ca-ES\"><strong><span style=\"color: #ff6600;\">Vaga del professorat:<\/span><\/strong><\/p>\n<p lang=\"ca-ES\">L&#8217;institut restar\u00e0 obert i els alumnes que vinguin seran atesos pel professorat que hi h<span style=\"font-family: inherit; font-size: 1em;\">agi al centre.\u00a0<\/span><\/p>\n<p lang=\"ca-ES\"><strong>Les classes del professorat que faci vaga NO es cobriran amb professorat de gu\u00e0rdia.<\/strong><\/p>\n<ul style=\"color: #4a4a4a; font-family: ieducaTypo, sans-serif; font-size: 14px;\">\n<li style=\"margin: 0px; padding: 0px; list-style: none;\"><\/li>\n<\/ul>\n<p lang=\"ca-ES\"><strong style=\"color: #ff6600; font-family: inherit; font-size: 1em;\">Vaga de l&#8217;alumnat:<\/strong><\/p>\n<p style=\"color: #4a4a4a; font-family: ieducaTypo, sans-serif; font-size: 14px;\"><span style=\"text-align: center !important;\"><strong>L\u2019alumnat de 1r i 2n d\u2019ESO no t\u00e9 dret a fer\u00a0<\/strong><\/span><span style=\"text-align: center !important;\"><strong>vaga<\/strong><\/span>\u00a0segons la normativa vigent.<\/p>\n<p>Han demanat fer la vaga seguint el protocol establert pel centre i, per tant, poden fer-la:<\/p>\n<p>Tots els grups de 3r d&#8217;ESO, 4t d&#8217;ESO, Batxillerat, TAPSD, SMX, SCOM, ACL i PFIs.<\/p>\n<p>Recordem que el dret de fer vaga \u00e9s individual i que malgrat que el grup classe hagi decidit donar suport a la vaga,<strong>\u00a0<span style=\"color: #ff6600; text-align: center !important;\">cada alumne i fam\u00edlia pot decidir si exerceix aquest dret i, per tant, si assisteix a classe o no,<\/span><\/strong>\u00a0sempre que el seu grup tingui la vaga autoritzada.<\/p>\n<p>Els alumnes de 3r ,4t d\u2019ESO\u00a0 i SCOM necessiten autoritzaci\u00f3 dels pares, mares o tutors legals per poder justificar aquesta falta com a\u00a0vaga, per tant s&#8217;haur\u00e0 de justificar <strong>als tutors\/es<\/strong> preferiblement a trav\u00e9s d&#8217;ieduca o via correu electr\u00f2nic ,en cas contrari constar\u00e0 com a falta no justificada.<\/p>\n<p><span style=\"color: #ff6600; text-align: center !important;\"><strong>Les classes pels alumnes que assisteixin al centre es duran a terme amb normalitat sempre que el professor\/a no faci vaga.<\/strong><\/span>\u00a0El professorat pot decidir si avan\u00e7a o no mat\u00e8ria, per\u00f2 no es pot perjudicar de cap manera la nota dels alumnes que exerceixen el dret a vaga.<\/p>\n<p>El servei de transport funcionar\u00e0 amb normalitat<\/p>\n<\/div>\n","protected":false},"excerpt":{"rendered":"<p>Hi ha convocada una\u00a0vaga pel divendres\u00a0 27 de setembre tant d&#8217;alumnat com de professorat.<\/p>\n<p>Vaga del professorat:<br \/>\nL&#8217;institut restar\u00e0 obert i els alumnes que vinguin seran atesos pel professorat que hi hagi al centre.\u00a0<br \/>\nLes classes del professorat que faci vaga NO es cobriran amb professorat de gu\u00e0rdia.\n<ul&hellip;  <a href=\"https:\/\/agora.xtec.cat\/iesguinovarda\/general\/vaga-divendres-27-de-setembre\/\" title=\"Read VAGA DIVENDRES 27 DE SETEMBRE\">Llegeix m\u00e9s\u00bb<\/a><\/p>\n","protected":false},"author":1,"featured_media":0,"comment_status":"closed","ping_status":"closed","sticky":false,"template":"","format":"standard","meta":{"_bbp_topic_count":0,"_bbp_reply_count":0,"_bbp_total_topic_count":0,"_bbp_total_reply_count":0,"_bbp_voice_count":0,"_bbp_anonymous_reply_count":0,"_bbp_topic_count_hidden":0,"_bbp_reply_count_hidden":0,"_bbp_forum_subforum_count":0,"footnotes":""},"categories":[1,29],"tags":[],"class_list":["post-3003","post","type-post","status-publish","format-standard","hentry","category-general","category-portada"],"post_mailing_queue_ids":[],"_links":{"self":[{"href":"https:\/\/agora.xtec.cat\/iesguinovarda\/wp-json\/wp\/v2\/posts\/3003","targetHints":{"allow":["GET"]}}],"collection":[{"href":"https:\/\/agora.xtec.cat\/iesguinovarda\/wp-json\/wp\/v2\/posts"}],"about":[{"href":"https:\/\/agora.xtec.cat\/iesguinovarda\/wp-json\/wp\/v2\/types\/post"}],"author":[{"embeddable":true,"href":"https:\/\/agora.xtec.cat\/iesguinovarda\/wp-json\/wp\/v2\/users\/1"}],"replies":[{"embeddable":true,"href":"https:\/\/agora.xtec.cat\/iesguinovarda\/wp-json\/wp\/v2\/comments?post=3003"}],"version-history":[{"count":6,"href":"https:\/\/agora.xtec.cat\/iesguinovarda\/wp-json\/wp\/v2\/posts\/3003\/revisions"}],"predecessor-version":[{"id":5148,"href":"https:\/\/agora.xtec.cat\/iesguinovarda\/wp-json\/wp\/v2\/posts\/3003\/revisions\/5148"}],"wp:attachment":[{"href":"https:\/\/agora.xtec.cat\/iesguinovarda\/wp-json\/wp\/v2\/media?parent=3003"}],"wp:term":[{"taxonomy":"category","embeddable":true,"href":"https:\/\/agora.xtec.cat\/iesguinovarda\/wp-json\/wp\/v2\/categories?post=3003"},{"taxonomy":"post_tag","embeddable":true,"href":"https:\/\/agora.xtec.cat\/iesguinovarda\/wp-json\/wp\/v2\/tags?post=3003"}],"curies":[{"name":"wp","href":"https:\/\/api.w.org\/{rel}","templated":true}]}}