{"id":2899,"date":"2022-02-17T12:27:16","date_gmt":"2022-02-17T11:27:16","guid":{"rendered":"https:\/\/agora.xtec.cat\/iesguinovarda\/?p=2899"},"modified":"2022-06-10T11:00:00","modified_gmt":"2022-06-10T09:00:00","slug":"dates-preinscripcio-curs-2022-2023","status":"publish","type":"post","link":"https:\/\/agora.xtec.cat\/iesguinovarda\/portada\/dates-preinscripcio-curs-2022-2023\/","title":{"rendered":"DATES PREINSCRIPCI\u00d3 CURS 2022\/2023"},"content":{"rendered":"<p>Totes les sol\u00b7licituds es faran telem\u00e0ticament; <strong>no es podr\u00e0 fer cap preinscripci\u00f3 presencial ni es podr\u00e0 presentar cap documentaci\u00f3 en paper.<\/strong><\/p>\n<h6><strong> DATES<br \/>\n<\/strong><\/h6>\n<table style=\"height: 117px; width: 68.6282%;\" width=\"447\">\n<tbody>\n<tr>\n<td style=\"width: 100%;\"><strong>ESO<\/strong>:\u00a0 del 9 al 21 de mar\u00e7.<\/td>\n<\/tr>\n<tr>\n<td style=\"width: 100%;\"><strong>BATXILLERAT<\/strong>:\u00a0 del 20 al 26 d&#8217;abril.<\/td>\n<\/tr>\n<tr>\n<td style=\"width: 100%;\"><strong>CICLES FORMATIUS DE GRAU MITJ\u00c0:<\/strong><\/td>\n<\/tr>\n<tr>\n<td style=\"width: 100%;\">\u00a0 \u00a0 \u00a01. Alumnat amb continu\u00eftat d&#8217;escolaritzaci\u00f3 (que est\u00e0 cursant 4t d&#8217;ESO):\u00a0 del 20 al 26 d&#8217;abril.<\/td>\n<\/tr>\n<tr>\n<td style=\"width: 100%;\">\u00a0 \u00a0 \u00a02. Resta d&#8217;alumnat:\u00a0 del 17 al 23 de maig.<\/td>\n<\/tr>\n<tr>\n<td style=\"width: 100%;\"><strong>PFI-PTT<\/strong>:\u00a0 del 2 al 13 de maig.<\/td>\n<\/tr>\n<tr>\n<td style=\"width: 100%;\"><strong>CICLES FORMATIUS DE GRAU B\u00c0SIC<\/strong>:\u00a0 del 16 al 25 de maig.<\/td>\n<\/tr>\n<\/tbody>\n<\/table>\n<p>&nbsp;<\/p>\n<p>Trobareu tota la informaci\u00f3 i els enlla\u00e7os per fer les sol\u00b7licituds a l&#8217;apartat <a href=\"https:\/\/agora.xtec.cat\/iesguinovarda\/secretaria\/preincripcio\/\" target=\"_blank\" rel=\"noopener\">PREINSCRIPCI\u00d3<\/a> d&#8217;aquesta web.<\/p>\n","protected":false},"excerpt":{"rendered":"<p>Totes les sol\u00b7licituds es faran telem\u00e0ticament; no es podr\u00e0 fer cap preinscripci\u00f3 presencial ni es podr\u00e0 presentar cap documentaci\u00f3 en paper.<br \/>\n DATES<\/p>\n<p>ESO:\u00a0 del 9 al 21 de mar\u00e7.<\/p>\n<p>BATXILLERAT:\u00a0 del 20 al 26 d&#8217;abril.<\/p>\n<p>CICLES FORMATIUS DE GRAU MITJ\u00c0:<\/p>\n<p>\u00a0 \u00a0 \u00a01. Alumnat amb continu\u00eftat d&#8217;escolaritzaci\u00f3 (que est\u00e0&hellip;  <a href=\"https:\/\/agora.xtec.cat\/iesguinovarda\/portada\/dates-preinscripcio-curs-2022-2023\/\" title=\"Read DATES PREINSCRIPCI\u00d3 CURS 2022\/2023\">Llegeix m\u00e9s\u00bb<\/a><\/p>\n","protected":false},"author":3,"featured_media":0,"comment_status":"closed","ping_status":"closed","sticky":false,"template":"","format":"standard","meta":{"_bbp_topic_count":0,"_bbp_reply_count":0,"_bbp_total_topic_count":0,"_bbp_total_reply_count":0,"_bbp_voice_count":0,"_bbp_anonymous_reply_count":0,"_bbp_topic_count_hidden":0,"_bbp_reply_count_hidden":0,"_bbp_forum_subforum_count":0,"footnotes":""},"categories":[29,105],"tags":[],"class_list":["post-2899","post","type-post","status-publish","format-standard","hentry","category-portada","category-secretaria"],"post_mailing_queue_ids":[],"_links":{"self":[{"href":"https:\/\/agora.xtec.cat\/iesguinovarda\/wp-json\/wp\/v2\/posts\/2899","targetHints":{"allow":["GET"]}}],"collection":[{"href":"https:\/\/agora.xtec.cat\/iesguinovarda\/wp-json\/wp\/v2\/posts"}],"about":[{"href":"https:\/\/agora.xtec.cat\/iesguinovarda\/wp-json\/wp\/v2\/types\/post"}],"author":[{"embeddable":true,"href":"https:\/\/agora.xtec.cat\/iesguinovarda\/wp-json\/wp\/v2\/users\/3"}],"replies":[{"embeddable":true,"href":"https:\/\/agora.xtec.cat\/iesguinovarda\/wp-json\/wp\/v2\/comments?post=2899"}],"version-history":[{"count":4,"href":"https:\/\/agora.xtec.cat\/iesguinovarda\/wp-json\/wp\/v2\/posts\/2899\/revisions"}],"predecessor-version":[{"id":2964,"href":"https:\/\/agora.xtec.cat\/iesguinovarda\/wp-json\/wp\/v2\/posts\/2899\/revisions\/2964"}],"wp:attachment":[{"href":"https:\/\/agora.xtec.cat\/iesguinovarda\/wp-json\/wp\/v2\/media?parent=2899"}],"wp:term":[{"taxonomy":"category","embeddable":true,"href":"https:\/\/agora.xtec.cat\/iesguinovarda\/wp-json\/wp\/v2\/categories?post=2899"},{"taxonomy":"post_tag","embeddable":true,"href":"https:\/\/agora.xtec.cat\/iesguinovarda\/wp-json\/wp\/v2\/tags?post=2899"}],"curies":[{"name":"wp","href":"https:\/\/api.w.org\/{rel}","templated":true}]}}