{"id":2760,"date":"2021-12-03T09:52:21","date_gmt":"2021-12-03T08:52:21","guid":{"rendered":"https:\/\/agora.xtec.cat\/iesguinovarda\/?p=2760"},"modified":"2021-12-03T09:56:17","modified_gmt":"2021-12-03T08:56:17","slug":"festius-mes-de-desembre","status":"publish","type":"post","link":"https:\/\/agora.xtec.cat\/iesguinovarda\/general\/festius-mes-de-desembre\/","title":{"rendered":"FESTIUS MES DE DESEMBRE"},"content":{"rendered":"<p><a href=\"https:\/\/agora.xtec.cat\/iesguinovarda\/wp-content\/uploads\/usu579\/2021\/12\/nadal-1.jpg\"><img loading=\"lazy\" decoding=\"async\" class=\"alignnone wp-image-2761\" src=\"https:\/\/agora.xtec.cat\/iesguinovarda\/wp-content\/uploads\/usu579\/2021\/12\/nadal-1.jpg\" alt=\"\" width=\"444\" height=\"250\" srcset=\"https:\/\/agora.xtec.cat\/iesguinovarda\/wp-content\/uploads\/usu579\/2021\/12\/nadal-1.jpg 880w, https:\/\/agora.xtec.cat\/iesguinovarda\/wp-content\/uploads\/usu579\/2021\/12\/nadal-1-300x169.jpg 300w, https:\/\/agora.xtec.cat\/iesguinovarda\/wp-content\/uploads\/usu579\/2021\/12\/nadal-1-768x432.jpg 768w\" sizes=\"auto, (max-width: 444px) 100vw, 444px\" \/><\/a><\/p>\n<p>Us recordem el calendari de dies <strong>FESTIUS<\/strong> d&#8217;aquest mes de <strong>desembre<\/strong>:<\/p>\n<p><strong>PONT<\/strong>: el dia 7 de desembre \u00e9s festa de lliure disposici\u00f3. Per tant, les classes es reprenen el dia 9 de desembre.<\/p>\n<p><strong>VACANCES<\/strong>: del 23 de desembre al 7 de gener, inclosos. \u00c9s a dir, l&#8217;\u00faltim dia de classe \u00e9s el dia 22 de desembre i la tornada \u00e9s el 10 de gener.<\/p>\n<p><strong>HORARI ESPECIAL 22 DE DESEMBRE:<\/strong> el dia 22 l&#8217;horari ser\u00e0 de 8 a 13h. El transport escolar s&#8217;adaptar\u00e0 a aquest horari.<\/p>\n","protected":false},"excerpt":{"rendered":"<p><a href=\"https:\/\/agora.xtec.cat\/iesguinovarda\/wp-content\/uploads\/usu579\/2021\/12\/nadal-1.jpg\"><\/a><br \/>\nUs recordem el calendari de dies FESTIUS d&#8217;aquest mes de desembre:<br \/>\nPONT: el dia 7 de desembre \u00e9s festa de lliure disposici\u00f3. Per tant, les classes es reprenen el dia 9 de desembre.<br \/>\nVACANCES: del 23 de desembre al 7 de gener, inclosos. \u00c9s a dir,&hellip;  <a href=\"https:\/\/agora.xtec.cat\/iesguinovarda\/general\/festius-mes-de-desembre\/\" title=\"Read FESTIUS MES DE DESEMBRE\">Llegeix m\u00e9s\u00bb<\/a><\/p>\n","protected":false},"author":3,"featured_media":0,"comment_status":"closed","ping_status":"closed","sticky":false,"template":"","format":"standard","meta":{"_bbp_topic_count":0,"_bbp_reply_count":0,"_bbp_total_topic_count":0,"_bbp_total_reply_count":0,"_bbp_voice_count":0,"_bbp_anonymous_reply_count":0,"_bbp_topic_count_hidden":0,"_bbp_reply_count_hidden":0,"_bbp_forum_subforum_count":0,"footnotes":""},"categories":[1,29,105],"tags":[],"class_list":["post-2760","post","type-post","status-publish","format-standard","hentry","category-general","category-portada","category-secretaria"],"post_mailing_queue_ids":[],"_links":{"self":[{"href":"https:\/\/agora.xtec.cat\/iesguinovarda\/wp-json\/wp\/v2\/posts\/2760","targetHints":{"allow":["GET"]}}],"collection":[{"href":"https:\/\/agora.xtec.cat\/iesguinovarda\/wp-json\/wp\/v2\/posts"}],"about":[{"href":"https:\/\/agora.xtec.cat\/iesguinovarda\/wp-json\/wp\/v2\/types\/post"}],"author":[{"embeddable":true,"href":"https:\/\/agora.xtec.cat\/iesguinovarda\/wp-json\/wp\/v2\/users\/3"}],"replies":[{"embeddable":true,"href":"https:\/\/agora.xtec.cat\/iesguinovarda\/wp-json\/wp\/v2\/comments?post=2760"}],"version-history":[{"count":1,"href":"https:\/\/agora.xtec.cat\/iesguinovarda\/wp-json\/wp\/v2\/posts\/2760\/revisions"}],"predecessor-version":[{"id":2762,"href":"https:\/\/agora.xtec.cat\/iesguinovarda\/wp-json\/wp\/v2\/posts\/2760\/revisions\/2762"}],"wp:attachment":[{"href":"https:\/\/agora.xtec.cat\/iesguinovarda\/wp-json\/wp\/v2\/media?parent=2760"}],"wp:term":[{"taxonomy":"category","embeddable":true,"href":"https:\/\/agora.xtec.cat\/iesguinovarda\/wp-json\/wp\/v2\/categories?post=2760"},{"taxonomy":"post_tag","embeddable":true,"href":"https:\/\/agora.xtec.cat\/iesguinovarda\/wp-json\/wp\/v2\/tags?post=2760"}],"curies":[{"name":"wp","href":"https:\/\/api.w.org\/{rel}","templated":true}]}}