{"id":2692,"date":"2021-11-02T11:55:32","date_gmt":"2021-11-02T10:55:32","guid":{"rendered":"https:\/\/agora.xtec.cat\/iesguinovarda\/?p=2692"},"modified":"2021-11-02T12:29:01","modified_gmt":"2021-11-02T11:29:01","slug":"eleccions-al-consell-escolar","status":"publish","type":"post","link":"https:\/\/agora.xtec.cat\/iesguinovarda\/portada\/eleccions-al-consell-escolar\/","title":{"rendered":"ELECCIONS AL CONSELL ESCOLAR"},"content":{"rendered":"<div class=\"gs\">\n<div class=\"\">\n<div id=\":19h\" class=\"ii gt\">\n<div id=\":19g\" class=\"a3s aiL \">\n<div dir=\"ltr\">\n<h2><b>ELECCIONS\u00a0AL CONSELL ESCOLAR 2021<\/b><\/h2>\n<p><em><strong>\u00c9s l&#8217;\u00f2rgan de participaci\u00f3 de la comunitat escolar en el govern del centre. Al Consell escolar hi estan representats tots els sectors implicats: Pares i Mares, AMPA, Alumnes, Professors, Personal d\u2019Administraci\u00f3 i Serveis, Director, Cap d\u2019Estudis i Ajuntament.<\/strong><\/em><\/p>\n<p>En els centres p\u00fablics, la funci\u00f3 principal del consell escolar \u00e9s participar en la presa de decisions en relaci\u00f3 amb aquells temes importants per al funcionament i l\u2019organitzaci\u00f3 del centre: el projecte educatiu, la programaci\u00f3 general, la gesti\u00f3 econ\u00f2mica, etc. En el cas dels centres privats concertats, el consell escolar debat, avalua, analitza i pren decisions sobre els temes proposats pel titular del centre.<\/p>\n<p>Els representants del consell escolar s\u00f3n escollits per un per\u00edode de quatre anys, per\u00f2 cada dos anys es convoquen eleccions per renovar la meitat dels seus membres.<\/p>\n<p>Les vacants del consell escolar s\u2019ocupen segons els resultats de les eleccions. Si un membre deixa el consell, passar\u00e0 a ocupar el seu lloc la seg\u00fcent candidatura m\u00e9s votada en les darreres eleccions. Si no hi ha m\u00e9s candidats per cobrir la pla\u00e7a, queda vacant fins a la propera renovaci\u00f3 del consell escolar.<\/p>\n<p>Corresponen al consell escolar les funcions seg\u00fcents:<\/p>\n<ul>\n<li>Aprovar el projecte educatiu i les modificacions corresponents per una majoria de tres cinquenes parts dels membres.<\/li>\n<li>Aprovar la programaci\u00f3 general anual del centre i avaluar-ne el desenvolupament i els resultats.<\/li>\n<li>Aprovar les propostes d&#8217;acords de corresponsabilitat, convenis i altres acords de col\u00b7laboraci\u00f3 del centre amb entitats o institucions.<\/li>\n<li>Aprovar les normes d&#8217;organitzaci\u00f3 i funcionament i les modificacions corresponents.<\/li>\n<li>Aprovar la carta de comprom\u00eds educatiu.<\/li>\n<li>Aprovar el pressupost del centre i el rendiment de comptes.<\/li>\n<li>Intervenir en el procediment d&#8217;admissi\u00f3 d&#8217;alumnes.<\/li>\n<li>Participar en el procediment de selecci\u00f3 i en la proposta de cessament del director o directora.<\/li>\n<li>Intervenir en la resoluci\u00f3 dels conflictes i, si escau, revisar les sancions als alumnes.<\/li>\n<li>Aprovar les directrius per a la programaci\u00f3 d&#8217;activitats escolars complement\u00e0ries i d&#8217;activitats extraescolars, i avaluar-ne el desenvolupament.<\/li>\n<li>Participar en les an\u00e0lisis i les avaluacions del funcionament general del centre i con\u00e8ixer l&#8217;evoluci\u00f3 del rendiment escolar.<\/li>\n<li>Aprovar els criteris de col\u00b7laboraci\u00f3 amb altres centres i amb l&#8217;entorn.<\/li>\n<li>Qualsevol altra que li sigui atribu\u00efda per les normes legals o reglament\u00e0ries.<\/li>\n<\/ul>\n<p>&nbsp;<\/p>\n<\/div>\n<\/div>\n<\/div>\n<div id=\":19h\" class=\"ii gt\">\n<div id=\":19g\" class=\"a3s aiL \">\n<div dir=\"ltr\">\n<h4><\/h4>\n<h4><\/h4>\n<h4><b><u>CALENDARI ELECCIONS 2021:<\/u><\/b><\/h4>\n<\/div>\n<div><\/div>\n<\/div>\n<p>-Publicaci\u00f3 dels censos: fins al 5 de novembre (les podeu consultar al vest\u00edbul de l&#8217;Institut)<\/p>\n<p>-Reclamacions al cens: del 8 al 10 de novembre<\/p>\n<p>-Constituci\u00f3 meses: 10 de novembre<\/p>\n<p>-Resoluci\u00f3 reclamacions: 12 de novembre<\/p>\n<p>-Presentaci\u00f3 de candidatures: fins al 14 de novembre<\/p>\n<p>-Presentaci\u00f3 sol\u00b7licituds per actuar com a supervisor: fins al 14 de novembre<\/p>\n<p>-Publicaci\u00f3 de candidatures: 18 de novembre<\/p>\n<p>-Votacions: 23 de novembre a partir de les 12:00h<\/p>\n<\/div>\n<p>&nbsp;<\/p>\n<div id=\":19h\" class=\"ii gt\">\n<div id=\":19g\" class=\"a3s aiL \">\n<div dir=\"ltr\">\n<h6><\/h6>\n<h6><\/h6>\n<h6><b><u>P<\/u><\/b><b><u>odeu presentar les vostres candidatures omplint el seg\u00fcent formulari:<\/u><\/b><\/h6>\n<pre><\/pre>\n<pre><\/pre>\n<\/div>\n<\/div>\n<div id=\":19g\" class=\"a3s aiL \">\n<p class=\"yj6qo\"><a href=\"https:\/\/drive.google.com\/file\/d\/1wZCQCgrJyIFkzZNBxis3I_bXpbHw8KsG\/view?usp=sharing\" target=\"_blank\" rel=\"noopener\"><strong>Document presentaci\u00f3 candidatura<\/strong><\/a><\/p>\n<\/div>\n<\/div>\n<\/div>\n<\/div>\n<div class=\"adL\"><\/div>\n<div class=\"gs\">\n<div class=\"\">\n<div class=\"hi\">Un cop omplert l&#8217;heu d&#8217;enviar fotografiat o escannejat al correu secretaria@insguinovarda.cat <strong>fins al 14 de novembre<\/strong>.<\/div>\n<\/div>\n<\/div>\n<div><\/div>\n<p>&nbsp;<\/p>\n<div><\/div>\n<div><strong>US ANIMEM A PARTICIPAR!!!<\/strong><\/div>\n","protected":false},"excerpt":{"rendered":"<p>ELECCIONS\u00a0AL CONSELL ESCOLAR 2021<br \/>\n\u00c9s l&#8217;\u00f2rgan de participaci\u00f3 de la comunitat escolar en el govern del centre. Al Consell escolar hi estan representats tots els sectors implicats: Pares i Mares, AMPA, Alumnes, Professors, Personal d\u2019Administraci\u00f3 i Serveis, Director, Cap d\u2019Estudis i Ajuntament.<br \/>\nEn els centres p\u00fablics, la&hellip;  <a href=\"https:\/\/agora.xtec.cat\/iesguinovarda\/portada\/eleccions-al-consell-escolar\/\" title=\"Read ELECCIONS AL CONSELL ESCOLAR\">Llegeix m\u00e9s\u00bb<\/a><\/p>\n","protected":false},"author":3,"featured_media":0,"comment_status":"closed","ping_status":"closed","sticky":false,"template":"","format":"standard","meta":{"_bbp_topic_count":0,"_bbp_reply_count":0,"_bbp_total_topic_count":0,"_bbp_total_reply_count":0,"_bbp_voice_count":0,"_bbp_anonymous_reply_count":0,"_bbp_topic_count_hidden":0,"_bbp_reply_count_hidden":0,"_bbp_forum_subforum_count":0,"footnotes":""},"categories":[29],"tags":[],"class_list":["post-2692","post","type-post","status-publish","format-standard","hentry","category-portada"],"post_mailing_queue_ids":[],"_links":{"self":[{"href":"https:\/\/agora.xtec.cat\/iesguinovarda\/wp-json\/wp\/v2\/posts\/2692","targetHints":{"allow":["GET"]}}],"collection":[{"href":"https:\/\/agora.xtec.cat\/iesguinovarda\/wp-json\/wp\/v2\/posts"}],"about":[{"href":"https:\/\/agora.xtec.cat\/iesguinovarda\/wp-json\/wp\/v2\/types\/post"}],"author":[{"embeddable":true,"href":"https:\/\/agora.xtec.cat\/iesguinovarda\/wp-json\/wp\/v2\/users\/3"}],"replies":[{"embeddable":true,"href":"https:\/\/agora.xtec.cat\/iesguinovarda\/wp-json\/wp\/v2\/comments?post=2692"}],"version-history":[{"count":4,"href":"https:\/\/agora.xtec.cat\/iesguinovarda\/wp-json\/wp\/v2\/posts\/2692\/revisions"}],"predecessor-version":[{"id":2712,"href":"https:\/\/agora.xtec.cat\/iesguinovarda\/wp-json\/wp\/v2\/posts\/2692\/revisions\/2712"}],"wp:attachment":[{"href":"https:\/\/agora.xtec.cat\/iesguinovarda\/wp-json\/wp\/v2\/media?parent=2692"}],"wp:term":[{"taxonomy":"category","embeddable":true,"href":"https:\/\/agora.xtec.cat\/iesguinovarda\/wp-json\/wp\/v2\/categories?post=2692"},{"taxonomy":"post_tag","embeddable":true,"href":"https:\/\/agora.xtec.cat\/iesguinovarda\/wp-json\/wp\/v2\/tags?post=2692"}],"curies":[{"name":"wp","href":"https:\/\/api.w.org\/{rel}","templated":true}]}}