{"id":2676,"date":"2021-10-26T12:45:37","date_gmt":"2021-10-26T10:45:37","guid":{"rendered":"https:\/\/agora.xtec.cat\/iesguinovarda\/?p=2676"},"modified":"2021-10-26T12:46:03","modified_gmt":"2021-10-26T10:46:03","slug":"vaga-de-professorat-28-d0ctubre","status":"publish","type":"post","link":"https:\/\/agora.xtec.cat\/iesguinovarda\/general\/vaga-de-professorat-28-d0ctubre\/","title":{"rendered":"VAGA DE PROFESSORAT 28 D&#8217;0CTUBRE"},"content":{"rendered":"<div id=\":4\" class=\"aeH\">\n<div class=\"G-atb D E\">\n<div class=\"adF\">\n<div class=\"iG J-J5-Ji\">\n<div class=\"h0\">\n<div id=\":j6\" class=\"T-I J-J5-Ji adg T-I-awG T-I-ax7 T-I-Js-IF L3\" tabindex=\"0\" role=\"button\" aria-label=\"M\u00e9s recent\" data-tooltip=\"M\u00e9s recent\"><img decoding=\"async\" class=\"adj T-I-J3\" src=\"https:\/\/mail.google.com\/mail\/u\/3\/images\/cleardot.gif\" alt=\"\" \/><span style=\"font-family: inherit; font-size: 1em;\">Pel dijous, dia 28 d&#8217;octubre hi ha convocada una vaga de professorat.<\/span><\/div>\n<div class=\"T-I J-J5-Ji adg T-I-awG T-I-ax7 T-I-Js-IF L3\" tabindex=\"0\" role=\"button\" aria-label=\"M\u00e9s recent\" data-tooltip=\"M\u00e9s recent\">\n<p>&nbsp;<\/p>\n<p>La previsi\u00f3 \u00e9s que el seguiment de la vaga sigui for\u00e7a elevat i falti un nombre alt de docents que seguiran la vaga.<\/p>\n<p>Com a centre NO podem garantir el normal funcionament de totes les classes ja que quan un professor\/a que faci vaga falti a una classe aquest NO es cobrir\u00e0 amb professorat de gu\u00e0rdia.<\/p>\n<p>L&#8217;institut restar\u00e0 obert amb els serveis m\u00ednims estables per la normativa i els alumnes que vinguin seran atesos pel professorat que hi hagi al centre.<\/p>\n<p>El servei de transport funcionar\u00e0 amb normalitat.<\/p>\n<\/div>\n<div id=\":j5\" class=\"T-I J-J5-Ji adg T-I-awG T-I-ax7 T-I-Js-Gs L3\" tabindex=\"0\" role=\"button\" aria-label=\"Anterior\" data-tooltip=\"Anterior\"><img decoding=\"async\" class=\"adk T-I-J3\" src=\"https:\/\/mail.google.com\/mail\/u\/3\/images\/cleardot.gif\" alt=\"\" \/><\/div>\n<\/div>\n<\/div>\n<\/div>\n<\/div>\n<\/div>\n<div class=\"AO\">\n<div id=\":3\" class=\"Tm aeJ\">\n<div id=\":1\" class=\"aeF\">\n<div class=\"nH\">\n<div class=\"nH\" role=\"main\">\n<div class=\"nH g id\"><\/div>\n<\/div>\n<\/div>\n<\/div>\n<\/div>\n<\/div>\n","protected":false},"excerpt":{"rendered":"<p>Pel dijous, dia 28 d&#8217;octubre hi ha convocada una vaga de professorat.<\/p>\n<p>&nbsp;<br \/>\nLa previsi\u00f3 \u00e9s que el seguiment de la vaga sigui for\u00e7a elevat i falti un nombre alt de docents que seguiran la vaga.<br \/>\nCom a centre NO podem garantir el normal funcionament de totes les&hellip;  <a href=\"https:\/\/agora.xtec.cat\/iesguinovarda\/general\/vaga-de-professorat-28-d0ctubre\/\" title=\"Read VAGA DE PROFESSORAT 28 D&#8217;0CTUBRE\">Llegeix m\u00e9s\u00bb<\/a><\/p>\n","protected":false},"author":4,"featured_media":0,"comment_status":"closed","ping_status":"closed","sticky":false,"template":"","format":"standard","meta":{"_bbp_topic_count":0,"_bbp_reply_count":0,"_bbp_total_topic_count":0,"_bbp_total_reply_count":0,"_bbp_voice_count":0,"_bbp_anonymous_reply_count":0,"_bbp_topic_count_hidden":0,"_bbp_reply_count_hidden":0,"_bbp_forum_subforum_count":0,"footnotes":""},"categories":[1,29],"tags":[],"class_list":["post-2676","post","type-post","status-publish","format-standard","hentry","category-general","category-portada"],"post_mailing_queue_ids":[],"_links":{"self":[{"href":"https:\/\/agora.xtec.cat\/iesguinovarda\/wp-json\/wp\/v2\/posts\/2676","targetHints":{"allow":["GET"]}}],"collection":[{"href":"https:\/\/agora.xtec.cat\/iesguinovarda\/wp-json\/wp\/v2\/posts"}],"about":[{"href":"https:\/\/agora.xtec.cat\/iesguinovarda\/wp-json\/wp\/v2\/types\/post"}],"author":[{"embeddable":true,"href":"https:\/\/agora.xtec.cat\/iesguinovarda\/wp-json\/wp\/v2\/users\/4"}],"replies":[{"embeddable":true,"href":"https:\/\/agora.xtec.cat\/iesguinovarda\/wp-json\/wp\/v2\/comments?post=2676"}],"version-history":[{"count":1,"href":"https:\/\/agora.xtec.cat\/iesguinovarda\/wp-json\/wp\/v2\/posts\/2676\/revisions"}],"predecessor-version":[{"id":2677,"href":"https:\/\/agora.xtec.cat\/iesguinovarda\/wp-json\/wp\/v2\/posts\/2676\/revisions\/2677"}],"wp:attachment":[{"href":"https:\/\/agora.xtec.cat\/iesguinovarda\/wp-json\/wp\/v2\/media?parent=2676"}],"wp:term":[{"taxonomy":"category","embeddable":true,"href":"https:\/\/agora.xtec.cat\/iesguinovarda\/wp-json\/wp\/v2\/categories?post=2676"},{"taxonomy":"post_tag","embeddable":true,"href":"https:\/\/agora.xtec.cat\/iesguinovarda\/wp-json\/wp\/v2\/tags?post=2676"}],"curies":[{"name":"wp","href":"https:\/\/api.w.org\/{rel}","templated":true}]}}