{"id":2636,"date":"2021-12-15T08:11:52","date_gmt":"2021-12-15T07:11:52","guid":{"rendered":"https:\/\/agora.xtec.cat\/iesguinovarda\/?p=2636"},"modified":"2021-12-16T12:06:50","modified_gmt":"2021-12-16T11:06:50","slug":"vaga-divendres-24-de-setembre","status":"publish","type":"post","link":"https:\/\/agora.xtec.cat\/iesguinovarda\/general\/vaga-divendres-24-de-setembre\/","title":{"rendered":"VAGA ESTUDIANTS DIJOUS 16  DE DESEMBRE"},"content":{"rendered":"<p>Hi ha convocada una\u00a0<span class=\"il\">vaga<\/span> d\u2019estudiants per dijous dia 16 de desembre del 2021.<\/p>\n<p><span style=\"color: #ff6600;\"><strong>L\u2019alumnat de 1r i 2n d\u2019ESO no t\u00e9 dret a fer\u00a0<\/strong><\/span><span class=\"il\"><span style=\"color: #ff6600;\"><strong>vaga<\/strong><\/span>, segons la normativa vigent.<\/span><\/p>\n<p>Han demanat fer la\u00a0<span class=\"il\">vaga<\/span> seguint el protocol establert pel centre:<\/p>\n<ul>\n<li>Tots els grups de 3r d&#8217;ESO excepte 3rF<\/li>\n<li>Tots els de 4t d&#8217;ESO<\/li>\n<li>1r i 2n de TAPSD i 1r SMX<\/li>\n<li>1r Batxillerat A,B i C i 2n de Batxillerat A<\/li>\n<\/ul>\n<p>No han demanat fer vaga i per tant<strong>\u00a0<span style=\"color: #ff6600;\">NO<\/span><\/strong> poden fer-la: 3r ESO F, 2n SMX, 2n Batx B i C, SCOM i els dos PFIs<\/p>\n<p>Recordem que el dret de fer\u00a0<span class=\"il\">vaga<\/span>\u00a0\u00e9s individual i que malgrat el grup classe hagi decidit donar suport a la\u00a0<span class=\"il\">vaga<\/span>,<strong>\u00a0<span style=\"color: #ff6600;\">cada alumne i fam\u00edlia pot decidir si exerceix aquest dret i per tant si assisteix a classe o no<\/span><\/strong>\u00a0sempre que el seu grup tingui la vaga autoritzada.<\/p>\n<p>Els alumnes de 3r i 4t d\u2019ESO necessiten autoritzaci\u00f3 dels pares, mares o tutors legals per poder justificar aquesta falta com a\u00a0<span class=\"il\">vaga, per tant s&#8217;haur\u00e0 de justificar als tutors\/es preferiblement a trav\u00e9s d&#8217;ieduca, en cas contrari constar\u00e0 com a falta no justificada.<\/span><\/p>\n<p><span style=\"color: #ff6600;\"><strong>Les classes pels alumnes que assisteixin al centre es duran a terme amb tota normalitat<\/strong><\/span>. El professorat pot decidir si avan\u00e7a o no mat\u00e8ria, per\u00f2 no es poden dur a terme activitats avaluables.<\/p>\n","protected":false},"excerpt":{"rendered":"<p>Hi ha convocada una\u00a0vaga d\u2019estudiants per dijous dia 16 de desembre del 2021.<br \/>\nL\u2019alumnat de 1r i 2n d\u2019ESO no t\u00e9 dret a fer\u00a0vaga, segons la normativa vigent.<br \/>\nHan demanat fer la\u00a0vaga seguint el protocol establert pel centre:<\/p>\n<ul>\n<li>Tots els grups de 3r d&#8217;ESO excepte 3rF<\/li>\n<li>Tots els de&hellip;  <a href=\"https:\/\/agora.xtec.cat\/iesguinovarda\/general\/vaga-divendres-24-de-setembre\/\" title=\"Read VAGA ESTUDIANTS DIJOUS 16  DE DESEMBRE\">Llegeix m\u00e9s\u00bb<\/a><br \/>\n","protected":false},"author":1,"featured_media":0,"comment_status":"closed","ping_status":"closed","sticky":false,"template":"","format":"standard","meta":{"_bbp_topic_count":0,"_bbp_reply_count":0,"_bbp_total_topic_count":0,"_bbp_total_reply_count":0,"_bbp_voice_count":0,"_bbp_anonymous_reply_count":0,"_bbp_topic_count_hidden":0,"_bbp_reply_count_hidden":0,"_bbp_forum_subforum_count":0,"footnotes":""},"categories":[1,29],"tags":[],"class_list":["post-2636","post","type-post","status-publish","format-standard","hentry","category-general","category-portada"],"post_mailing_queue_ids":[],"_links":{"self":[{"href":"https:\/\/agora.xtec.cat\/iesguinovarda\/wp-json\/wp\/v2\/posts\/2636","targetHints":{"allow":["GET"]}}],"collection":[{"href":"https:\/\/agora.xtec.cat\/iesguinovarda\/wp-json\/wp\/v2\/posts"}],"about":[{"href":"https:\/\/agora.xtec.cat\/iesguinovarda\/wp-json\/wp\/v2\/types\/post"}],"author":[{"embeddable":true,"href":"https:\/\/agora.xtec.cat\/iesguinovarda\/wp-json\/wp\/v2\/users\/1"}],"replies":[{"embeddable":true,"href":"https:\/\/agora.xtec.cat\/iesguinovarda\/wp-json\/wp\/v2\/comments?post=2636"}],"version-history":[{"count":4,"href":"https:\/\/agora.xtec.cat\/iesguinovarda\/wp-json\/wp\/v2\/posts\/2636\/revisions"}],"predecessor-version":[{"id":2770,"href":"https:\/\/agora.xtec.cat\/iesguinovarda\/wp-json\/wp\/v2\/posts\/2636\/revisions\/2770"}],"wp:attachment":[{"href":"https:\/\/agora.xtec.cat\/iesguinovarda\/wp-json\/wp\/v2\/media?parent=2636"}],"wp:term":[{"taxonomy":"category","embeddable":true,"href":"https:\/\/agora.xtec.cat\/iesguinovarda\/wp-json\/wp\/v2\/categories?post=2636"},{"taxonomy":"post_tag","embeddable":true,"href":"https:\/\/agora.xtec.cat\/iesguinovarda\/wp-json\/wp\/v2\/tags?post=2636"}],"curies":[{"name":"wp","href":"https:\/\/api.w.org\/{rel}","templated":true}]}}