{"id":2594,"date":"2021-09-07T11:55:14","date_gmt":"2021-09-07T09:55:14","guid":{"rendered":"https:\/\/agora.xtec.cat\/iesguinovarda\/?p=2594"},"modified":"2021-09-09T08:03:19","modified_gmt":"2021-09-09T06:03:19","slug":"proces-extraordinari-dadmissio-als-cicles-formatius","status":"publish","type":"post","link":"https:\/\/agora.xtec.cat\/iesguinovarda\/portada\/proces-extraordinari-dadmissio-als-cicles-formatius\/","title":{"rendered":"Proc\u00e9s extraordinari d&#8217;admissi\u00f3 als cicles formatius"},"content":{"rendered":"<p>El Departament d&#8217;Educaci\u00f3 ha fet un increment de places en alguns centres educatius. Podeu consultar tota la informaci\u00f3 per fer la preinscripci\u00f3 al seg\u00fcent enlla\u00e7:<\/p>\n<p><a href=\"https:\/\/preinscripcio.gencat.cat\/ca\/estudis\/fp-grau-mitja\/preinscriute\/proces-extraordinari-admissio\/\" target=\"_blank\" rel=\"noopener\">Proc\u00e9s extraordinari d&#8217;admissi\u00f3 als cicles formatius<\/a><\/p>\n<p>Vacants institut Guinovarda: 3 places de Sistemes microinform\u00e0tics i xarxes.<\/p>\n<p><a href=\"https:\/\/agora.xtec.cat\/iesguinovarda\/secretaria\/preinscripcio-cicles-formatius\/\" target=\"_blank\" rel=\"noopener\">Informaci\u00f3 per fer la preinscripci\u00f3<\/a><\/p>\n","protected":false},"excerpt":{"rendered":"<p>El Departament d&#8217;Educaci\u00f3 ha fet un increment de places en alguns centres educatius. Podeu consultar tota la informaci\u00f3 per fer la preinscripci\u00f3 al seg\u00fcent enlla\u00e7:<br \/>\n<a href=\"https:\/\/preinscripcio.gencat.cat\/ca\/estudis\/fp-grau-mitja\/preinscriute\/proces-extraordinari-admissio\/\" target=\"_blank\" rel=\"noopener\">Proc\u00e9s extraordinari d&#8217;admissi\u00f3 als cicles formatius<\/a><br \/>\nVacants institut Guinovarda: 3 places de Sistemes microinform\u00e0tics i xarxes.<br \/>\n<a href=\"https:\/\/agora.xtec.cat\/iesguinovarda\/secretaria\/preinscripcio-cicles-formatius\/\" target=\"_blank\" rel=\"noopener\">Informaci\u00f3&hellip;  <a href=\"https:\/\/agora.xtec.cat\/iesguinovarda\/portada\/proces-extraordinari-dadmissio-als-cicles-formatius\/\" title=\"Read Proc\u00e9s extraordinari d&#8217;admissi\u00f3 als cicles formatius\">Llegeix m\u00e9s\u00bb<\/a><\/p>\n","protected":false},"author":3,"featured_media":0,"comment_status":"closed","ping_status":"closed","sticky":false,"template":"","format":"standard","meta":{"_bbp_topic_count":0,"_bbp_reply_count":0,"_bbp_total_topic_count":0,"_bbp_total_reply_count":0,"_bbp_voice_count":0,"_bbp_anonymous_reply_count":0,"_bbp_topic_count_hidden":0,"_bbp_reply_count_hidden":0,"_bbp_forum_subforum_count":0,"footnotes":""},"categories":[29,105],"tags":[],"class_list":["post-2594","post","type-post","status-publish","format-standard","hentry","category-portada","category-secretaria"],"post_mailing_queue_ids":[],"_links":{"self":[{"href":"https:\/\/agora.xtec.cat\/iesguinovarda\/wp-json\/wp\/v2\/posts\/2594","targetHints":{"allow":["GET"]}}],"collection":[{"href":"https:\/\/agora.xtec.cat\/iesguinovarda\/wp-json\/wp\/v2\/posts"}],"about":[{"href":"https:\/\/agora.xtec.cat\/iesguinovarda\/wp-json\/wp\/v2\/types\/post"}],"author":[{"embeddable":true,"href":"https:\/\/agora.xtec.cat\/iesguinovarda\/wp-json\/wp\/v2\/users\/3"}],"replies":[{"embeddable":true,"href":"https:\/\/agora.xtec.cat\/iesguinovarda\/wp-json\/wp\/v2\/comments?post=2594"}],"version-history":[{"count":3,"href":"https:\/\/agora.xtec.cat\/iesguinovarda\/wp-json\/wp\/v2\/posts\/2594\/revisions"}],"predecessor-version":[{"id":2613,"href":"https:\/\/agora.xtec.cat\/iesguinovarda\/wp-json\/wp\/v2\/posts\/2594\/revisions\/2613"}],"wp:attachment":[{"href":"https:\/\/agora.xtec.cat\/iesguinovarda\/wp-json\/wp\/v2\/media?parent=2594"}],"wp:term":[{"taxonomy":"category","embeddable":true,"href":"https:\/\/agora.xtec.cat\/iesguinovarda\/wp-json\/wp\/v2\/categories?post=2594"},{"taxonomy":"post_tag","embeddable":true,"href":"https:\/\/agora.xtec.cat\/iesguinovarda\/wp-json\/wp\/v2\/tags?post=2594"}],"curies":[{"name":"wp","href":"https:\/\/api.w.org\/{rel}","templated":true}]}}