{"id":2591,"date":"2021-09-06T12:48:09","date_gmt":"2021-09-06T10:48:09","guid":{"rendered":"https:\/\/agora.xtec.cat\/iesguinovarda\/?p=2591"},"modified":"2021-09-06T12:48:39","modified_gmt":"2021-09-06T10:48:39","slug":"beques-per-a-ensenyaments-postobligatoris-no-universitaris","status":"publish","type":"post","link":"https:\/\/agora.xtec.cat\/iesguinovarda\/general\/beques-per-a-ensenyaments-postobligatoris-no-universitaris\/","title":{"rendered":"Beques per a ensenyaments postobligatoris no universitaris"},"content":{"rendered":"<p>Us informem que s&#8217;ha obert la convocat\u00f2ria de beques per als estudis postobligatoris. Trobareu tota la informaci\u00f3 al seg\u00fcent enlla\u00e7:<\/p>\n<p><a href=\"https:\/\/educacio.gencat.cat\/ca\/tramits\/tramits-temes\/247-beques-ministerio-postobligatoris?category=7449fd1c-a82c-11e3-a972-000c29052e2c\" target=\"_blank\" rel=\"noopener\">Informaci\u00f3 beques estudis postobligatoris<\/a><\/p>\n","protected":false},"excerpt":{"rendered":"<p>Us informem que s&#8217;ha obert la convocat\u00f2ria de beques per als estudis postobligatoris. Trobareu tota la informaci\u00f3 al seg\u00fcent enlla\u00e7:<br \/>\n<a href=\"https:\/\/educacio.gencat.cat\/ca\/tramits\/tramits-temes\/247-beques-ministerio-postobligatoris?category=7449fd1c-a82c-11e3-a972-000c29052e2c\" target=\"_blank\" rel=\"noopener\">Informaci\u00f3 beques estudis postobligatoris<\/a><\/p>\n","protected":false},"author":3,"featured_media":0,"comment_status":"closed","ping_status":"closed","sticky":false,"template":"","format":"standard","meta":{"_bbp_topic_count":0,"_bbp_reply_count":0,"_bbp_total_topic_count":0,"_bbp_total_reply_count":0,"_bbp_voice_count":0,"_bbp_anonymous_reply_count":0,"_bbp_topic_count_hidden":0,"_bbp_reply_count_hidden":0,"_bbp_forum_subforum_count":0,"footnotes":""},"categories":[1,29,105],"tags":[],"class_list":["post-2591","post","type-post","status-publish","format-standard","hentry","category-general","category-portada","category-secretaria"],"post_mailing_queue_ids":[],"_links":{"self":[{"href":"https:\/\/agora.xtec.cat\/iesguinovarda\/wp-json\/wp\/v2\/posts\/2591","targetHints":{"allow":["GET"]}}],"collection":[{"href":"https:\/\/agora.xtec.cat\/iesguinovarda\/wp-json\/wp\/v2\/posts"}],"about":[{"href":"https:\/\/agora.xtec.cat\/iesguinovarda\/wp-json\/wp\/v2\/types\/post"}],"author":[{"embeddable":true,"href":"https:\/\/agora.xtec.cat\/iesguinovarda\/wp-json\/wp\/v2\/users\/3"}],"replies":[{"embeddable":true,"href":"https:\/\/agora.xtec.cat\/iesguinovarda\/wp-json\/wp\/v2\/comments?post=2591"}],"version-history":[{"count":2,"href":"https:\/\/agora.xtec.cat\/iesguinovarda\/wp-json\/wp\/v2\/posts\/2591\/revisions"}],"predecessor-version":[{"id":2593,"href":"https:\/\/agora.xtec.cat\/iesguinovarda\/wp-json\/wp\/v2\/posts\/2591\/revisions\/2593"}],"wp:attachment":[{"href":"https:\/\/agora.xtec.cat\/iesguinovarda\/wp-json\/wp\/v2\/media?parent=2591"}],"wp:term":[{"taxonomy":"category","embeddable":true,"href":"https:\/\/agora.xtec.cat\/iesguinovarda\/wp-json\/wp\/v2\/categories?post=2591"},{"taxonomy":"post_tag","embeddable":true,"href":"https:\/\/agora.xtec.cat\/iesguinovarda\/wp-json\/wp\/v2\/tags?post=2591"}],"curies":[{"name":"wp","href":"https:\/\/api.w.org\/{rel}","templated":true}]}}