{"id":2572,"date":"2021-09-02T10:22:56","date_gmt":"2021-09-02T08:22:56","guid":{"rendered":"https:\/\/agora.xtec.cat\/iesguinovarda\/?p=2572"},"modified":"2021-09-02T10:42:01","modified_gmt":"2021-09-02T08:42:01","slug":"vacants-cicles-formatius","status":"publish","type":"post","link":"https:\/\/agora.xtec.cat\/iesguinovarda\/portada\/vacants-cicles-formatius\/","title":{"rendered":"Vacants cicles formatius"},"content":{"rendered":"<p><a href=\"https:\/\/drive.google.com\/file\/d\/1a7prYDugDTHyvoQFQKuVZcxSDJtE88k4\/view?usp=sharing\" target=\"_blank\" rel=\"noopener\">Places vacants que s&#8217;ofereixen per a la segona fase d&#8217;admissi\u00f3 a Cicles formatius.<\/a><\/p>\n<div class=\"col-sm-8 columna_esquerra\">\n<div class=\"cos_bloc basic_text_peq pd-15\">\n<ul>\n<li>Els alumnes que podeu participar en aquesta segona fase d&#8217;admissi\u00f3 sou aquells que vau participar i no vau obtenir pla\u00e7a ni per assignaci\u00f3 ni per la gesti\u00f3 de llista d&#8217;espera. Si compliu aquests requisits rebreu un correu electr\u00f2nic amb un enlla\u00e7.<\/li>\n<li>El per\u00edode per presentar l&#8217;ampliaci\u00f3 de sol\u00b7licituds en aquesta segona fase \u00e9s\u00a0del <strong>2<\/strong>\u00a0<strong>al 6 de setembre de 2021<\/strong>.<\/li>\n<li>Pots consultar les vacants al <a href=\"https:\/\/preinscripcio.gencat.cat\/ca\/estudis\/fp-grau-mitja\/preinscriute\/segona-fase-admissio\/\" target=\"_blank\" rel=\"noopener\">Web de Preinscripci\u00f3<\/a> i als centres.<\/li>\n<li>Per accedir-hi cal que t&#8217;identifiquis amb el codi de sol\u00b7licitud i el teu DNI si ets major d&#8217;edat, o el del teu tutor referent si ets menor d&#8217;edat.<\/li>\n<li>Pots introduir fins a cinc peticions m\u00e9s d&#8217;entre els centres i cicles amb oferta de vacants en la segona fase d&#8217;admissi\u00f3. En aquesta segona fase d&#8217;admissi\u00f3 les sol\u00b7licituds s&#8217;ordenen d&#8217;acord amb la qualificaci\u00f3 mitjana dels estudis o la qualificaci\u00f3 de la prova que permet l&#8217;acc\u00e9s.<\/li>\n<li>Pots consultar les assignacions finals en aquest web o en el centre a partir del <strong>7\u00a0de setembre de 2021<\/strong>.<\/li>\n<\/ul>\n<\/div>\n<\/div>\n<p>&nbsp;<\/p>\n","protected":false},"excerpt":{"rendered":"<p><a href=\"https:\/\/drive.google.com\/file\/d\/1a7prYDugDTHyvoQFQKuVZcxSDJtE88k4\/view?usp=sharing\" target=\"_blank\" rel=\"noopener\">Places vacants que s&#8217;ofereixen per a la segona fase d&#8217;admissi\u00f3 a Cicles formatius.<\/a><\/p>\n<ul>\n<li>Els alumnes que podeu participar en aquesta segona fase d&#8217;admissi\u00f3 sou aquells que vau participar i no vau obtenir pla\u00e7a ni per assignaci\u00f3 ni per la gesti\u00f3 de llista d&#8217;espera.&hellip;  <a href=\"https:\/\/agora.xtec.cat\/iesguinovarda\/portada\/vacants-cicles-formatius\/\" title=\"Read Vacants cicles formatius\">Llegeix m\u00e9s\u00bb<\/a><br \/>\n","protected":false},"author":3,"featured_media":0,"comment_status":"closed","ping_status":"closed","sticky":false,"template":"","format":"standard","meta":{"_bbp_topic_count":0,"_bbp_reply_count":0,"_bbp_total_topic_count":0,"_bbp_total_reply_count":0,"_bbp_voice_count":0,"_bbp_anonymous_reply_count":0,"_bbp_topic_count_hidden":0,"_bbp_reply_count_hidden":0,"_bbp_forum_subforum_count":0,"footnotes":""},"categories":[29,105],"tags":[],"class_list":["post-2572","post","type-post","status-publish","format-standard","hentry","category-portada","category-secretaria"],"post_mailing_queue_ids":[],"_links":{"self":[{"href":"https:\/\/agora.xtec.cat\/iesguinovarda\/wp-json\/wp\/v2\/posts\/2572","targetHints":{"allow":["GET"]}}],"collection":[{"href":"https:\/\/agora.xtec.cat\/iesguinovarda\/wp-json\/wp\/v2\/posts"}],"about":[{"href":"https:\/\/agora.xtec.cat\/iesguinovarda\/wp-json\/wp\/v2\/types\/post"}],"author":[{"embeddable":true,"href":"https:\/\/agora.xtec.cat\/iesguinovarda\/wp-json\/wp\/v2\/users\/3"}],"replies":[{"embeddable":true,"href":"https:\/\/agora.xtec.cat\/iesguinovarda\/wp-json\/wp\/v2\/comments?post=2572"}],"version-history":[{"count":3,"href":"https:\/\/agora.xtec.cat\/iesguinovarda\/wp-json\/wp\/v2\/posts\/2572\/revisions"}],"predecessor-version":[{"id":2576,"href":"https:\/\/agora.xtec.cat\/iesguinovarda\/wp-json\/wp\/v2\/posts\/2572\/revisions\/2576"}],"wp:attachment":[{"href":"https:\/\/agora.xtec.cat\/iesguinovarda\/wp-json\/wp\/v2\/media?parent=2572"}],"wp:term":[{"taxonomy":"category","embeddable":true,"href":"https:\/\/agora.xtec.cat\/iesguinovarda\/wp-json\/wp\/v2\/categories?post=2572"},{"taxonomy":"post_tag","embeddable":true,"href":"https:\/\/agora.xtec.cat\/iesguinovarda\/wp-json\/wp\/v2\/tags?post=2572"}],"curies":[{"name":"wp","href":"https:\/\/api.w.org\/{rel}","templated":true}]}}