{"id":2519,"date":"2021-07-11T21:02:29","date_gmt":"2021-07-11T19:02:29","guid":{"rendered":"https:\/\/agora.xtec.cat\/iesguinovarda\/?p=2519"},"modified":"2021-07-11T21:16:22","modified_gmt":"2021-07-11T19:16:22","slug":"beques-de-transport-eso-i-cfgb-serveis-comercials","status":"publish","type":"post","link":"https:\/\/agora.xtec.cat\/iesguinovarda\/general\/beques-de-transport-eso-i-cfgb-serveis-comercials\/","title":{"rendered":"BEQUES DE TRANSPORT (ESO I CFGB SERVEIS COMERCIALS)"},"content":{"rendered":"<p>L\u2019Ajuntament de Piera, com en els cursos anteriors, vol mantenir el seu comprom\u00eds amb les fam\u00edlies del municipi per a minimitzar l\u2019impacte econ\u00f2mic que el cost del transport escolar suposa.<\/p>\n<p>La convocat\u00f2ria per a l\u2019atorgament d\u2019&#8217;ajuts adre\u00e7ats a l\u2019alumnat d&#8217;\u2019ensenyaments obligatoris i de segon cicle d\u2019&#8217;educaci\u00f3 infantil usuaris del servei de transport escolar no obligatori gestionat pel Consell pel curs <strong>2020\/2021 <\/strong>publicades\u00a0 al BOPB avui 8 juliol de 2021. Recordeu que les convocat\u00f2ries d&#8217;aquests ajuts sempre es refereixen al curs que tot just acaba. Pel curs 2021-2022, els usuaris hauran de sol\u00b7licitar el servei i fer el seu pagament com sempre a l&#8217;espera d&#8217;una nova convocat\u00f2ria on podr\u00e0 sol\u00b7licitar l&#8217;ajut i, per tant, l&#8217;abonament del cost del servei.<\/p>\n<p>La quantia de l\u2019ajut ve referida a les tarifes aprovades pel Consell Comarcal, a partir d\u2019&#8217;aquestes, <strong>l\u2019ajuntament concedir\u00e0 el 100% del cost<\/strong>.<\/p>\n<p><strong><u>Les sol\u00b7licituds<\/u><\/strong> s\u2019hauran de presentar preferentment per seu electr\u00f2nica <strong><u>abans del 30 de juliol de 2021. La justificaci\u00f3 per al seu cobrament<\/u><\/strong>, tamb\u00e9\u00a0 s&#8217;haur\u00e0 de fer preferentment per seu electr\u00f2nica <strong><u>abans del 30 de setembre de 2021<\/u><\/strong>, presentant la documentaci\u00f3 acreditativa del pagament del servei referent als tres trimestres i el full de dades banc\u00e0ries. S\u2019ha de tenir en compte que la persona que\u00a0 presenta la sol\u00b7licitud ha de ser la mateixa que consta en el rebut de pagament del transport escolar i en el full de dades banc\u00e0ries. <strong> Recordeu que heu de presentar dues inst\u00e0ncies<\/strong>: <a href=\"https:\/\/agora.xtec.cat\/iesguinovarda\/wp-content\/uploads\/usu579\/2021\/07\/Model_sol.licitud_transport.doc\">sol\u00b7licitud<\/a> (abans 30 de juliol) i <a href=\"https:\/\/agora.xtec.cat\/iesguinovarda\/wp-content\/uploads\/usu579\/2021\/07\/Model_justificaci\u00f3_transport.doc\">justificaci\u00f3 amb els comprovants de pagament del servei\u00a0 i les dades banc\u00e0ries<\/a> (abans 30 de setembre).<\/p>\n<p>La concessi\u00f3 dels ajuts es far\u00e0 per ordre de presentaci\u00f3 de les sol\u00b7licituds, sempre i quan compleixin els requisits establerts en les bases, i fins que s\u2019esgoti el cr\u00e8dit pressupostari.<\/p>\n<p>Aqu\u00ed podeu veure la <a href=\"https:\/\/agora.xtec.cat\/iesguinovarda\/wp-content\/uploads\/usu579\/2021\/07\/Convocatoria_ajuts_transport_20_21.pdf\">convocat\u00f2ria<\/a> d&#8217;aquests ajuts.<\/p>\n","protected":false},"excerpt":{"rendered":"<p>L\u2019Ajuntament de Piera, com en els cursos anteriors, vol mantenir el seu comprom\u00eds amb les fam\u00edlies del municipi per a minimitzar l\u2019impacte econ\u00f2mic que el cost del transport escolar suposa.<br \/>\nLa convocat\u00f2ria per a l\u2019atorgament d\u2019&#8217;ajuts adre\u00e7ats a l\u2019alumnat d&#8217;\u2019ensenyaments obligatoris i de segon cicle d\u2019&#8217;educaci\u00f3&hellip;  <a href=\"https:\/\/agora.xtec.cat\/iesguinovarda\/general\/beques-de-transport-eso-i-cfgb-serveis-comercials\/\" title=\"Read BEQUES DE TRANSPORT (ESO I CFGB SERVEIS COMERCIALS)\">Llegeix m\u00e9s\u00bb<\/a><\/p>\n","protected":false},"author":1,"featured_media":0,"comment_status":"open","ping_status":"closed","sticky":false,"template":"","format":"standard","meta":{"_bbp_topic_count":0,"_bbp_reply_count":0,"_bbp_total_topic_count":0,"_bbp_total_reply_count":0,"_bbp_voice_count":0,"_bbp_anonymous_reply_count":0,"_bbp_topic_count_hidden":0,"_bbp_reply_count_hidden":0,"_bbp_forum_subforum_count":0,"footnotes":""},"categories":[1,29],"tags":[],"class_list":["post-2519","post","type-post","status-publish","format-standard","hentry","category-general","category-portada"],"post_mailing_queue_ids":[],"_links":{"self":[{"href":"https:\/\/agora.xtec.cat\/iesguinovarda\/wp-json\/wp\/v2\/posts\/2519","targetHints":{"allow":["GET"]}}],"collection":[{"href":"https:\/\/agora.xtec.cat\/iesguinovarda\/wp-json\/wp\/v2\/posts"}],"about":[{"href":"https:\/\/agora.xtec.cat\/iesguinovarda\/wp-json\/wp\/v2\/types\/post"}],"author":[{"embeddable":true,"href":"https:\/\/agora.xtec.cat\/iesguinovarda\/wp-json\/wp\/v2\/users\/1"}],"replies":[{"embeddable":true,"href":"https:\/\/agora.xtec.cat\/iesguinovarda\/wp-json\/wp\/v2\/comments?post=2519"}],"version-history":[{"count":3,"href":"https:\/\/agora.xtec.cat\/iesguinovarda\/wp-json\/wp\/v2\/posts\/2519\/revisions"}],"predecessor-version":[{"id":2526,"href":"https:\/\/agora.xtec.cat\/iesguinovarda\/wp-json\/wp\/v2\/posts\/2519\/revisions\/2526"}],"wp:attachment":[{"href":"https:\/\/agora.xtec.cat\/iesguinovarda\/wp-json\/wp\/v2\/media?parent=2519"}],"wp:term":[{"taxonomy":"category","embeddable":true,"href":"https:\/\/agora.xtec.cat\/iesguinovarda\/wp-json\/wp\/v2\/categories?post=2519"},{"taxonomy":"post_tag","embeddable":true,"href":"https:\/\/agora.xtec.cat\/iesguinovarda\/wp-json\/wp\/v2\/tags?post=2519"}],"curies":[{"name":"wp","href":"https:\/\/api.w.org\/{rel}","templated":true}]}}