{"id":2406,"date":"2021-08-29T15:51:22","date_gmt":"2021-08-29T13:51:22","guid":{"rendered":"https:\/\/agora.xtec.cat\/iesguinovarda\/?p=2406"},"modified":"2022-07-12T18:10:15","modified_gmt":"2022-07-12T16:10:15","slug":"transport-escolar","status":"publish","type":"post","link":"https:\/\/agora.xtec.cat\/iesguinovarda\/general\/transport-escolar\/","title":{"rendered":"TRANSPORT ESCOLAR CURS 2022-2023"},"content":{"rendered":"<p><a href=\"https:\/\/agora.xtec.cat\/iesguinovarda\/wp-content\/uploads\/usu579\/2021\/06\/baixa.jpg\"><img loading=\"lazy\" decoding=\"async\" class=\"size-full wp-image-2407 alignleft\" src=\"https:\/\/agora.xtec.cat\/iesguinovarda\/wp-content\/uploads\/usu579\/2021\/06\/baixa.jpg\" alt=\"\" width=\"261\" height=\"193\" \/><\/a>Fins al 10 de juliol es pot sol\u00b7licitar el servei de transport escolar. Podeu consultar tota la informaci\u00f3 a l&#8217;enlla\u00e7 seg\u00fcent: <a href=\"https:\/\/agora.xtec.cat\/iesguinovarda\/serveis\/transport-escolar\/\">https:\/\/agora.xtec.cat\/iesguinovarda\/serveis\/transport-escolar\/<\/a><\/p>\n","protected":false},"excerpt":{"rendered":"<p><a href=\"https:\/\/agora.xtec.cat\/iesguinovarda\/wp-content\/uploads\/usu579\/2021\/06\/baixa.jpg\"><\/a>Fins al 10 de juliol es pot sol\u00b7licitar el servei de transport escolar. Podeu consultar tota la informaci\u00f3 a l&#8217;enlla\u00e7 seg\u00fcent: <a href=\"https:\/\/agora.xtec.cat\/iesguinovarda\/serveis\/transport-escolar\/\">https:\/\/agora.xtec.cat\/iesguinovarda\/serveis\/transport-escolar\/<\/a><\/p>\n","protected":false},"author":1,"featured_media":0,"comment_status":"open","ping_status":"closed","sticky":false,"template":"","format":"standard","meta":{"_bbp_topic_count":0,"_bbp_reply_count":0,"_bbp_total_topic_count":0,"_bbp_total_reply_count":0,"_bbp_voice_count":0,"_bbp_anonymous_reply_count":0,"_bbp_topic_count_hidden":0,"_bbp_reply_count_hidden":0,"_bbp_forum_subforum_count":0,"footnotes":""},"categories":[1,29],"tags":[],"class_list":["post-2406","post","type-post","status-publish","format-standard","hentry","category-general","category-portada"],"post_mailing_queue_ids":[],"_links":{"self":[{"href":"https:\/\/agora.xtec.cat\/iesguinovarda\/wp-json\/wp\/v2\/posts\/2406","targetHints":{"allow":["GET"]}}],"collection":[{"href":"https:\/\/agora.xtec.cat\/iesguinovarda\/wp-json\/wp\/v2\/posts"}],"about":[{"href":"https:\/\/agora.xtec.cat\/iesguinovarda\/wp-json\/wp\/v2\/types\/post"}],"author":[{"embeddable":true,"href":"https:\/\/agora.xtec.cat\/iesguinovarda\/wp-json\/wp\/v2\/users\/1"}],"replies":[{"embeddable":true,"href":"https:\/\/agora.xtec.cat\/iesguinovarda\/wp-json\/wp\/v2\/comments?post=2406"}],"version-history":[{"count":3,"href":"https:\/\/agora.xtec.cat\/iesguinovarda\/wp-json\/wp\/v2\/posts\/2406\/revisions"}],"predecessor-version":[{"id":3411,"href":"https:\/\/agora.xtec.cat\/iesguinovarda\/wp-json\/wp\/v2\/posts\/2406\/revisions\/3411"}],"wp:attachment":[{"href":"https:\/\/agora.xtec.cat\/iesguinovarda\/wp-json\/wp\/v2\/media?parent=2406"}],"wp:term":[{"taxonomy":"category","embeddable":true,"href":"https:\/\/agora.xtec.cat\/iesguinovarda\/wp-json\/wp\/v2\/categories?post=2406"},{"taxonomy":"post_tag","embeddable":true,"href":"https:\/\/agora.xtec.cat\/iesguinovarda\/wp-json\/wp\/v2\/tags?post=2406"}],"curies":[{"name":"wp","href":"https:\/\/api.w.org\/{rel}","templated":true}]}}