{"id":2383,"date":"2021-06-14T10:31:10","date_gmt":"2021-06-14T08:31:10","guid":{"rendered":"https:\/\/agora.xtec.cat\/iesguinovarda\/?p=2383"},"modified":"2021-06-14T10:31:10","modified_gmt":"2021-06-14T08:31:10","slug":"mostra-musical-a-1r-de-batxillerat","status":"publish","type":"post","link":"https:\/\/agora.xtec.cat\/iesguinovarda\/batxillerat\/mostra-musical-a-1r-de-batxillerat\/","title":{"rendered":"MOSTRA MUSICAL A 1r DE BATXILLERAT"},"content":{"rendered":"<p>Ara que el curs est\u00e0 pr\u00e0cticament enllestit, el Quim San\u00e7, professor de catal\u00e0 del Guinovarda, ha aprofitat per passar per les classes de 1r de batxillerat per fer una petit recital amb algunes de les seves can\u00e7ons, at\u00e8s que  tamb\u00e9 \u00e9s cantautor. L&#8217;alumnat en va quedar molt content!<\/p>\n<p><a href=\"https:\/\/agora.xtec.cat\/iesguinovarda\/wp-content\/uploads\/usu579\/2021\/06\/IMG-7852.jpg\"><img loading=\"lazy\" decoding=\"async\" src=\"https:\/\/agora.xtec.cat\/iesguinovarda\/wp-content\/uploads\/usu579\/2021\/06\/IMG-7852-1024x768.jpg\" alt=\"\" width=\"1024\" height=\"768\" class=\"alignnone size-large wp-image-2384\" srcset=\"https:\/\/agora.xtec.cat\/iesguinovarda\/wp-content\/uploads\/usu579\/2021\/06\/IMG-7852-1024x768.jpg 1024w, https:\/\/agora.xtec.cat\/iesguinovarda\/wp-content\/uploads\/usu579\/2021\/06\/IMG-7852-300x225.jpg 300w, https:\/\/agora.xtec.cat\/iesguinovarda\/wp-content\/uploads\/usu579\/2021\/06\/IMG-7852-768x576.jpg 768w, https:\/\/agora.xtec.cat\/iesguinovarda\/wp-content\/uploads\/usu579\/2021\/06\/IMG-7852-200x150.jpg 200w\" sizes=\"auto, (max-width: 1024px) 100vw, 1024px\" \/><\/a><\/p>\n","protected":false},"excerpt":{"rendered":"<p>Ara que el curs est\u00e0 pr\u00e0cticament enllestit, el Quim San\u00e7, professor de catal\u00e0 del Guinovarda, ha aprofitat per passar per les classes de 1r de batxillerat per fer una petit recital amb algunes de les seves can\u00e7ons, at\u00e8s que  tamb\u00e9 \u00e9s cantautor. L&#8217;alumnat en&hellip;  <a href=\"https:\/\/agora.xtec.cat\/iesguinovarda\/batxillerat\/mostra-musical-a-1r-de-batxillerat\/\" title=\"Read MOSTRA MUSICAL A 1r DE BATXILLERAT\">Llegeix m\u00e9s\u00bb<\/a><\/p>\n","protected":false},"author":5,"featured_media":2385,"comment_status":"closed","ping_status":"closed","sticky":false,"template":"","format":"standard","meta":{"_bbp_topic_count":0,"_bbp_reply_count":0,"_bbp_total_topic_count":0,"_bbp_total_reply_count":0,"_bbp_voice_count":0,"_bbp_anonymous_reply_count":0,"_bbp_topic_count_hidden":0,"_bbp_reply_count_hidden":0,"_bbp_forum_subforum_count":0,"footnotes":""},"categories":[8,29],"tags":[],"class_list":["post-2383","post","type-post","status-publish","format-standard","has-post-thumbnail","hentry","category-batxillerat","category-portada"],"post_mailing_queue_ids":[],"_links":{"self":[{"href":"https:\/\/agora.xtec.cat\/iesguinovarda\/wp-json\/wp\/v2\/posts\/2383","targetHints":{"allow":["GET"]}}],"collection":[{"href":"https:\/\/agora.xtec.cat\/iesguinovarda\/wp-json\/wp\/v2\/posts"}],"about":[{"href":"https:\/\/agora.xtec.cat\/iesguinovarda\/wp-json\/wp\/v2\/types\/post"}],"author":[{"embeddable":true,"href":"https:\/\/agora.xtec.cat\/iesguinovarda\/wp-json\/wp\/v2\/users\/5"}],"replies":[{"embeddable":true,"href":"https:\/\/agora.xtec.cat\/iesguinovarda\/wp-json\/wp\/v2\/comments?post=2383"}],"version-history":[{"count":1,"href":"https:\/\/agora.xtec.cat\/iesguinovarda\/wp-json\/wp\/v2\/posts\/2383\/revisions"}],"predecessor-version":[{"id":2386,"href":"https:\/\/agora.xtec.cat\/iesguinovarda\/wp-json\/wp\/v2\/posts\/2383\/revisions\/2386"}],"wp:featuredmedia":[{"embeddable":true,"href":"https:\/\/agora.xtec.cat\/iesguinovarda\/wp-json\/wp\/v2\/media\/2385"}],"wp:attachment":[{"href":"https:\/\/agora.xtec.cat\/iesguinovarda\/wp-json\/wp\/v2\/media?parent=2383"}],"wp:term":[{"taxonomy":"category","embeddable":true,"href":"https:\/\/agora.xtec.cat\/iesguinovarda\/wp-json\/wp\/v2\/categories?post=2383"},{"taxonomy":"post_tag","embeddable":true,"href":"https:\/\/agora.xtec.cat\/iesguinovarda\/wp-json\/wp\/v2\/tags?post=2383"}],"curies":[{"name":"wp","href":"https:\/\/api.w.org\/{rel}","templated":true}]}}