{"id":2314,"date":"2021-11-02T12:03:41","date_gmt":"2021-11-02T11:03:41","guid":{"rendered":"https:\/\/agora.xtec.cat\/iesguinovarda\/?p=2314"},"modified":"2021-11-02T09:35:48","modified_gmt":"2021-11-02T08:35:48","slug":"vint-i-cinc","status":"publish","type":"post","link":"https:\/\/agora.xtec.cat\/iesguinovarda\/general\/vint-i-cinc\/","title":{"rendered":"VINT-I-CINC"},"content":{"rendered":"<p style=\"text-align: left;\">Qu\u00e8 t\u00e9 d\u2019especial el n\u00famero 25? Pensar en el 25 ens produeix una mena de pau. \u00c9s un nombre m\u00e9s complet, m\u00e9s rod\u00f3 que els que el precedeixen i el segueixen. \u00c9s la quarta part de 100, i aix\u00f2 ens dona una certa sensaci\u00f3 d\u2019ordre. Acostumats al sistema decimal, aglutinar qualsevol cosa que puguem comptar en grups de 25 ens sembla m\u00e9s adequat que fer-ho en grups de 24 o de 26. Poden ser els abdominals que fem en cada s\u00e8rie del nostre entrenament, poden ser el nombre de p\u00e0gines que ens proposem llegir al dia.<\/p>\n<p style=\"text-align: left;\">El 25 \u00e9s el quadrat de 5, \u00e9s el primer nombre de Friedman i el tercer nombre de Cullen; \u00e9s el nombre at\u00f2mic del mangan\u00e8s, \u00e9s el percentatge d\u2019ADN que compartim amb els nostres avis; el 25 s\u00f3n les noces de plata. Si sumem tots els n\u00fameros imparells menors de 10 el resultat \u00e9s 25. D\u00e9u n\u2019hi do, el 25!<\/p>\n<p style=\"text-align: left;\">\u00c9s per aix\u00f2, perqu\u00e8 \u00e9s un nombre especial, que aquest any en qu\u00e8 l\u2019Institut Guinovarda en compleix vint-i-cinc, ho hem volgut commemorar tal com mereix l\u2019ocasi\u00f3.<\/p>\n<p style=\"text-align: left;\">El quart de segle del nostre centre ha arribat en un moment estrany i convuls per a, literalment, tot el m\u00f3n, i per aquest motiu no hem pogut organitzar-hi grans actes, per\u00f2 al cap i a la fi, commemorar \u00e9s una manera de recordar i aix\u00f2, fer mem\u00f2ria, s\u00ed que ho podem fer.<\/p>\n<p style=\"text-align: left;\">Vint-i-cinc anys donen per a molt, i en la vida d\u2019un centre educatiu, signifiquen el pas de centenars de docents, milers d\u2019estudiants i milions d\u2019hist\u00f2ries. A l\u2019Institut Guinovarda s\u2019han bastit els fonaments de la formaci\u00f3 d\u2019adolescents que ara ja s\u00f3n adults, molts d\u2019ells pares i mares els fills dels quals s\u00f3n adolescents que ara s\u2019estan formant en aquest mateix centre, completant un cicle que continuar\u00e0 repetint-se, any rere any, amb l\u2019ajut de grans professionals de la doc\u00e8ncia que l\u2019institut ha tingut la fortuna de con\u00e8ixer i la pena d\u2019acomiadar, en el que \u00e9s un altre cicle natural de la vida educativa.<\/p>\n<p style=\"text-align: left;\">A l\u2019Institut Guinovarda s\u2019ha rigut i s\u2019ha plorat, s\u2019ha cridat i s\u2019ha superat la frustraci\u00f3, s\u2019han establert vincles que potser romandran per sempre m\u00e9s i, si b\u00e9 les persones que en formem part som inevitablement temporeres, el nostre institut, impert\u00e8rrit al pas del temps, continuar\u00e0 ferm en aquesta tasca tan preciosa i necess\u00e0ria que \u00e9s la formaci\u00f3 del nostre jovent, del nostre futur.<\/p>\n<p style=\"text-align: left;\">Qu\u00e8 t\u00e9 d\u2019especial el n\u00famero 50? Si ho voleu saber, haureu d\u2019esperar 1+3+5+7+9 anys m\u00e9s.<\/p>\n","protected":false},"excerpt":{"rendered":"<p>Qu\u00e8 t\u00e9 d\u2019especial el n\u00famero 25? Pensar en el 25 ens produeix una mena de pau. \u00c9s un nombre m\u00e9s complet, m\u00e9s rod\u00f3 que els que el precedeixen i el segueixen. \u00c9s la quarta part de 100, i aix\u00f2 ens dona una certa sensaci\u00f3 d\u2019ordre.&hellip;  <a href=\"https:\/\/agora.xtec.cat\/iesguinovarda\/general\/vint-i-cinc\/\" title=\"Read VINT-I-CINC\">Llegeix m\u00e9s\u00bb<\/a><\/p>\n","protected":false},"author":5,"featured_media":2315,"comment_status":"closed","ping_status":"closed","sticky":false,"template":"","format":"standard","meta":{"_bbp_topic_count":0,"_bbp_reply_count":0,"_bbp_total_topic_count":0,"_bbp_total_reply_count":0,"_bbp_voice_count":0,"_bbp_anonymous_reply_count":0,"_bbp_topic_count_hidden":0,"_bbp_reply_count_hidden":0,"_bbp_forum_subforum_count":0,"footnotes":""},"categories":[1,29],"tags":[],"class_list":["post-2314","post","type-post","status-publish","format-standard","has-post-thumbnail","hentry","category-general","category-portada"],"post_mailing_queue_ids":[],"_links":{"self":[{"href":"https:\/\/agora.xtec.cat\/iesguinovarda\/wp-json\/wp\/v2\/posts\/2314","targetHints":{"allow":["GET"]}}],"collection":[{"href":"https:\/\/agora.xtec.cat\/iesguinovarda\/wp-json\/wp\/v2\/posts"}],"about":[{"href":"https:\/\/agora.xtec.cat\/iesguinovarda\/wp-json\/wp\/v2\/types\/post"}],"author":[{"embeddable":true,"href":"https:\/\/agora.xtec.cat\/iesguinovarda\/wp-json\/wp\/v2\/users\/5"}],"replies":[{"embeddable":true,"href":"https:\/\/agora.xtec.cat\/iesguinovarda\/wp-json\/wp\/v2\/comments?post=2314"}],"version-history":[{"count":2,"href":"https:\/\/agora.xtec.cat\/iesguinovarda\/wp-json\/wp\/v2\/posts\/2314\/revisions"}],"predecessor-version":[{"id":2317,"href":"https:\/\/agora.xtec.cat\/iesguinovarda\/wp-json\/wp\/v2\/posts\/2314\/revisions\/2317"}],"wp:featuredmedia":[{"embeddable":true,"href":"https:\/\/agora.xtec.cat\/iesguinovarda\/wp-json\/wp\/v2\/media\/2315"}],"wp:attachment":[{"href":"https:\/\/agora.xtec.cat\/iesguinovarda\/wp-json\/wp\/v2\/media?parent=2314"}],"wp:term":[{"taxonomy":"category","embeddable":true,"href":"https:\/\/agora.xtec.cat\/iesguinovarda\/wp-json\/wp\/v2\/categories?post=2314"},{"taxonomy":"post_tag","embeddable":true,"href":"https:\/\/agora.xtec.cat\/iesguinovarda\/wp-json\/wp\/v2\/tags?post=2314"}],"curies":[{"name":"wp","href":"https:\/\/api.w.org\/{rel}","templated":true}]}}