{"id":2126,"date":"2021-03-25T09:36:27","date_gmt":"2021-03-25T08:36:27","guid":{"rendered":"https:\/\/agora.xtec.cat\/iesguinovarda\/?p=2126"},"modified":"2021-03-25T09:36:27","modified_gmt":"2021-03-25T08:36:27","slug":"xerrada-de-la-fundacio-rossella","status":"publish","type":"post","link":"https:\/\/agora.xtec.cat\/iesguinovarda\/portada\/xerrada-de-la-fundacio-rossella\/","title":{"rendered":"Xerrada de la Fundaci\u00f3 Rossella"},"content":{"rendered":"<p>El passat 17 de mar\u00e7, l&#8217;alumnat de 2n de TAPSD va acudir a una xerrada de la Fundaci\u00f3 Rossella, on els van explicar com van conviure a la resid\u00e8ncia amb la COVID. <\/p>\n<p>L&#8217;alumnat va poder emprovar-se i comprovar qu\u00e8 \u00e9s passar una estona amb els EPI&#8217;s que feien servir a la resid\u00e8ncia. Tot plegat va ser interessant i enriquidor.<\/p>\n<p><a data-flickr-embed=\"true\" href=\"https:\/\/www.flickr.com\/photos\/insguinovarda\/albums\/72157718515931355\" title=\"2nTAPSD_XerradaRossella\"><img loading=\"lazy\" decoding=\"async\" src=\"https:\/\/live.staticflickr.com\/65535\/51069719033_58d095232e.jpg\" width=\"640\" height=\"480\" alt=\"2nTAPSD_XerradaRossella\"><\/a><script async src=\"\/\/embedr.flickr.com\/assets\/client-code.js\" charset=\"utf-8\"><\/script><\/p>\n","protected":false},"excerpt":{"rendered":"<p>El passat 17 de mar\u00e7, l&#8217;alumnat de 2n de TAPSD va acudir a una xerrada de la Fundaci\u00f3 Rossella, on els van explicar com van conviure a la resid\u00e8ncia amb la COVID.<br \/>\nL&#8217;alumnat va poder emprovar-se i comprovar qu\u00e8 \u00e9s passar una estona amb els&hellip;  <a href=\"https:\/\/agora.xtec.cat\/iesguinovarda\/portada\/xerrada-de-la-fundacio-rossella\/\" title=\"Read Xerrada de la Fundaci\u00f3 Rossella\">Llegeix m\u00e9s\u00bb<\/a><\/p>\n","protected":false},"author":5,"featured_media":2127,"comment_status":"closed","ping_status":"closed","sticky":false,"template":"","format":"standard","meta":{"_bbp_topic_count":0,"_bbp_reply_count":0,"_bbp_total_topic_count":0,"_bbp_total_reply_count":0,"_bbp_voice_count":0,"_bbp_anonymous_reply_count":0,"_bbp_topic_count_hidden":0,"_bbp_reply_count_hidden":0,"_bbp_forum_subforum_count":0,"footnotes":""},"categories":[30,29],"tags":[],"class_list":["post-2126","post","type-post","status-publish","format-standard","has-post-thumbnail","hentry","category-cicles-formatius","category-portada"],"post_mailing_queue_ids":[],"_links":{"self":[{"href":"https:\/\/agora.xtec.cat\/iesguinovarda\/wp-json\/wp\/v2\/posts\/2126","targetHints":{"allow":["GET"]}}],"collection":[{"href":"https:\/\/agora.xtec.cat\/iesguinovarda\/wp-json\/wp\/v2\/posts"}],"about":[{"href":"https:\/\/agora.xtec.cat\/iesguinovarda\/wp-json\/wp\/v2\/types\/post"}],"author":[{"embeddable":true,"href":"https:\/\/agora.xtec.cat\/iesguinovarda\/wp-json\/wp\/v2\/users\/5"}],"replies":[{"embeddable":true,"href":"https:\/\/agora.xtec.cat\/iesguinovarda\/wp-json\/wp\/v2\/comments?post=2126"}],"version-history":[{"count":1,"href":"https:\/\/agora.xtec.cat\/iesguinovarda\/wp-json\/wp\/v2\/posts\/2126\/revisions"}],"predecessor-version":[{"id":2128,"href":"https:\/\/agora.xtec.cat\/iesguinovarda\/wp-json\/wp\/v2\/posts\/2126\/revisions\/2128"}],"wp:featuredmedia":[{"embeddable":true,"href":"https:\/\/agora.xtec.cat\/iesguinovarda\/wp-json\/wp\/v2\/media\/2127"}],"wp:attachment":[{"href":"https:\/\/agora.xtec.cat\/iesguinovarda\/wp-json\/wp\/v2\/media?parent=2126"}],"wp:term":[{"taxonomy":"category","embeddable":true,"href":"https:\/\/agora.xtec.cat\/iesguinovarda\/wp-json\/wp\/v2\/categories?post=2126"},{"taxonomy":"post_tag","embeddable":true,"href":"https:\/\/agora.xtec.cat\/iesguinovarda\/wp-json\/wp\/v2\/tags?post=2126"}],"curies":[{"name":"wp","href":"https:\/\/api.w.org\/{rel}","templated":true}]}}