{"id":2123,"date":"2021-03-25T09:27:02","date_gmt":"2021-03-25T08:27:02","guid":{"rendered":"https:\/\/agora.xtec.cat\/iesguinovarda\/?p=2123"},"modified":"2021-03-25T09:27:02","modified_gmt":"2021-03-25T08:27:02","slug":"nova-visita-de-lassociacio-dispiera","status":"publish","type":"post","link":"https:\/\/agora.xtec.cat\/iesguinovarda\/portada\/nova-visita-de-lassociacio-dispiera\/","title":{"rendered":"Nova visita de l&#8217;Associaci\u00f3 Dispiera"},"content":{"rendered":"<p>L&#8217;Associaci\u00f3 Dispiera de Piera va tornar a visitar-nos el passat dilluns 22 de mar\u00e7 per fer la xerrada a 2n de TAPSD. Ha estat interessant veure com viuen les fam\u00edlies amb fills i filles amb diversitat funcional, intel\u00b7lectual i quines activitats de lleure els proposen des de l&#8217;associaci\u00f3. <\/p>\n<p><a data-flickr-embed=\"true\" href=\"https:\/\/www.flickr.com\/photos\/insguinovarda\/albums\/72157718772922373\" title=\"2nTAPSD_XerradaDispiera\"><img loading=\"lazy\" decoding=\"async\" src=\"https:\/\/live.staticflickr.com\/65535\/51070500037_7a59cb9017.jpg\" width=\"640\" height=\"480\" alt=\"2nTAPSD_XerradaDispiera\"><\/a><script async src=\"\/\/embedr.flickr.com\/assets\/client-code.js\" charset=\"utf-8\"><\/script><\/p>\n","protected":false},"excerpt":{"rendered":"<p>L&#8217;Associaci\u00f3 Dispiera de Piera va tornar a visitar-nos el passat dilluns 22 de mar\u00e7 per fer la xerrada a 2n de TAPSD. Ha estat interessant veure com viuen les fam\u00edlies amb fills i filles amb diversitat funcional, intel\u00b7lectual i quines activitats de lleure els proposen&hellip;  <a href=\"https:\/\/agora.xtec.cat\/iesguinovarda\/portada\/nova-visita-de-lassociacio-dispiera\/\" title=\"Read Nova visita de l&#8217;Associaci\u00f3 Dispiera\">Llegeix m\u00e9s\u00bb<\/a><\/p>\n","protected":false},"author":5,"featured_media":2124,"comment_status":"closed","ping_status":"closed","sticky":false,"template":"","format":"standard","meta":{"_bbp_topic_count":0,"_bbp_reply_count":0,"_bbp_total_topic_count":0,"_bbp_total_reply_count":0,"_bbp_voice_count":0,"_bbp_anonymous_reply_count":0,"_bbp_topic_count_hidden":0,"_bbp_reply_count_hidden":0,"_bbp_forum_subforum_count":0,"footnotes":""},"categories":[30,29],"tags":[],"class_list":["post-2123","post","type-post","status-publish","format-standard","has-post-thumbnail","hentry","category-cicles-formatius","category-portada"],"post_mailing_queue_ids":[],"_links":{"self":[{"href":"https:\/\/agora.xtec.cat\/iesguinovarda\/wp-json\/wp\/v2\/posts\/2123","targetHints":{"allow":["GET"]}}],"collection":[{"href":"https:\/\/agora.xtec.cat\/iesguinovarda\/wp-json\/wp\/v2\/posts"}],"about":[{"href":"https:\/\/agora.xtec.cat\/iesguinovarda\/wp-json\/wp\/v2\/types\/post"}],"author":[{"embeddable":true,"href":"https:\/\/agora.xtec.cat\/iesguinovarda\/wp-json\/wp\/v2\/users\/5"}],"replies":[{"embeddable":true,"href":"https:\/\/agora.xtec.cat\/iesguinovarda\/wp-json\/wp\/v2\/comments?post=2123"}],"version-history":[{"count":1,"href":"https:\/\/agora.xtec.cat\/iesguinovarda\/wp-json\/wp\/v2\/posts\/2123\/revisions"}],"predecessor-version":[{"id":2125,"href":"https:\/\/agora.xtec.cat\/iesguinovarda\/wp-json\/wp\/v2\/posts\/2123\/revisions\/2125"}],"wp:featuredmedia":[{"embeddable":true,"href":"https:\/\/agora.xtec.cat\/iesguinovarda\/wp-json\/wp\/v2\/media\/2124"}],"wp:attachment":[{"href":"https:\/\/agora.xtec.cat\/iesguinovarda\/wp-json\/wp\/v2\/media?parent=2123"}],"wp:term":[{"taxonomy":"category","embeddable":true,"href":"https:\/\/agora.xtec.cat\/iesguinovarda\/wp-json\/wp\/v2\/categories?post=2123"},{"taxonomy":"post_tag","embeddable":true,"href":"https:\/\/agora.xtec.cat\/iesguinovarda\/wp-json\/wp\/v2\/tags?post=2123"}],"curies":[{"name":"wp","href":"https:\/\/api.w.org\/{rel}","templated":true}]}}