{"id":2112,"date":"2021-03-16T11:55:44","date_gmt":"2021-03-16T10:55:44","guid":{"rendered":"https:\/\/agora.xtec.cat\/iesguinovarda\/?p=2112"},"modified":"2021-03-16T12:05:52","modified_gmt":"2021-03-16T11:05:52","slug":"xerrada-amb-lassociacio-dispiera","status":"publish","type":"post","link":"https:\/\/agora.xtec.cat\/iesguinovarda\/portada\/xerrada-amb-lassociacio-dispiera\/","title":{"rendered":"XERRADA AMB L&#8217;ASSOCIACI\u00d3 DISPIERA"},"content":{"rendered":"<p>L&#8217;associaci\u00f3 Dispiera va venir a explicar qu\u00e8 fa l&#8217;associaci\u00f3 i van fer una din\u00e0mica per sensibilitzar i empatitzar amb l&#8217;alumnat de TAPSD sobre com viuen i com es senten les fam\u00edlies davant situacions que han viscut amb els seus fills i filles.<\/p>\n<p><a data-flickr-embed=\"true\" href=\"https:\/\/www.flickr.com\/photos\/insguinovarda\/albums\/72157718666260058\" title=\"TAPSD_Dispiera\"><img loading=\"lazy\" decoding=\"async\" src=\"https:\/\/live.staticflickr.com\/65535\/51042648071_fa6a7fa4b5_z.jpg\" width=\"640\" height=\"480\" alt=\"TAPSD_Dispiera\"><\/a><script async src=\"\/\/embedr.flickr.com\/assets\/client-code.js\" charset=\"utf-8\"><\/script><\/p>\n","protected":false},"excerpt":{"rendered":"<p>L&#8217;associaci\u00f3 Dispiera va venir a explicar qu\u00e8 fa l&#8217;associaci\u00f3 i van fer una din\u00e0mica per sensibilitzar i empatitzar amb l&#8217;alumnat de TAPSD sobre com viuen i com es senten les fam\u00edlies davant situacions que han viscut amb els seus fills i filles.<br \/>\n<a data-flickr-embed=\"true\" href=\"https:\/\/www.flickr.com\/photos\/insguinovarda\/albums\/72157718666260058\" title=\"TAPSD_Dispiera\"><\/a><\/p>\n","protected":false},"author":5,"featured_media":2113,"comment_status":"closed","ping_status":"closed","sticky":false,"template":"","format":"standard","meta":{"_bbp_topic_count":0,"_bbp_reply_count":0,"_bbp_total_topic_count":0,"_bbp_total_reply_count":0,"_bbp_voice_count":0,"_bbp_anonymous_reply_count":0,"_bbp_topic_count_hidden":0,"_bbp_reply_count_hidden":0,"_bbp_forum_subforum_count":0,"footnotes":""},"categories":[30,29],"tags":[],"class_list":["post-2112","post","type-post","status-publish","format-standard","has-post-thumbnail","hentry","category-cicles-formatius","category-portada"],"post_mailing_queue_ids":[],"_links":{"self":[{"href":"https:\/\/agora.xtec.cat\/iesguinovarda\/wp-json\/wp\/v2\/posts\/2112","targetHints":{"allow":["GET"]}}],"collection":[{"href":"https:\/\/agora.xtec.cat\/iesguinovarda\/wp-json\/wp\/v2\/posts"}],"about":[{"href":"https:\/\/agora.xtec.cat\/iesguinovarda\/wp-json\/wp\/v2\/types\/post"}],"author":[{"embeddable":true,"href":"https:\/\/agora.xtec.cat\/iesguinovarda\/wp-json\/wp\/v2\/users\/5"}],"replies":[{"embeddable":true,"href":"https:\/\/agora.xtec.cat\/iesguinovarda\/wp-json\/wp\/v2\/comments?post=2112"}],"version-history":[{"count":1,"href":"https:\/\/agora.xtec.cat\/iesguinovarda\/wp-json\/wp\/v2\/posts\/2112\/revisions"}],"predecessor-version":[{"id":2114,"href":"https:\/\/agora.xtec.cat\/iesguinovarda\/wp-json\/wp\/v2\/posts\/2112\/revisions\/2114"}],"wp:featuredmedia":[{"embeddable":true,"href":"https:\/\/agora.xtec.cat\/iesguinovarda\/wp-json\/wp\/v2\/media\/2113"}],"wp:attachment":[{"href":"https:\/\/agora.xtec.cat\/iesguinovarda\/wp-json\/wp\/v2\/media?parent=2112"}],"wp:term":[{"taxonomy":"category","embeddable":true,"href":"https:\/\/agora.xtec.cat\/iesguinovarda\/wp-json\/wp\/v2\/categories?post=2112"},{"taxonomy":"post_tag","embeddable":true,"href":"https:\/\/agora.xtec.cat\/iesguinovarda\/wp-json\/wp\/v2\/tags?post=2112"}],"curies":[{"name":"wp","href":"https:\/\/api.w.org\/{rel}","templated":true}]}}