{"id":2088,"date":"2021-03-05T14:04:21","date_gmt":"2021-03-05T13:04:21","guid":{"rendered":"https:\/\/agora.xtec.cat\/iesguinovarda\/?p=2088"},"modified":"2021-03-07T12:18:28","modified_gmt":"2021-03-07T11:18:28","slug":"vaga-dilluns-8-de-marc","status":"publish","type":"post","link":"https:\/\/agora.xtec.cat\/iesguinovarda\/portada\/vaga-dilluns-8-de-marc\/","title":{"rendered":"VAGA DILLUNS 8 DE MAR\u00c7"},"content":{"rendered":"<div>Hi ha convocada una <span class=\"il\">vaga<\/span> general pel dilluns <span class=\"il\">8<\/span> de mar\u00e7.<\/div>\n<div><\/div>\n<div>El centre funcionar\u00e0 amb la m\u00e0xima normalitat possible, sempre en funci\u00f3 del professorat disponible. No s&#8217;espera una afectaci\u00f3 molt gran.<\/div>\n<div><\/div>\n<div>Han demanat fer <span class=\"il\">vaga<\/span>\u00a0 els grups de 3r d&#8217;ESO A, B i D,tots els de 4t d&#8217;ESO, tots els de Batxillerat i els de TAPSD.<\/div>\n<div><\/div>\n<div>NO\u00a0 l&#8217;han demanat i per tant no poden fer-la els alumnes de 3r ESO C, E i F ni tampoc 1r i 2n de SMX.<\/div>\n<div><\/div>\n<div>Els alumnes de 1r i 2n d&#8217;ESO no tenen dret a fer vaga.<\/div>\n<div><\/div>\n<div>Recordem que<strong><span style=\"color: #ff6600;\"> el dret de fer <span class=\"il\">vaga<\/span> \u00e9s individual<\/span> <\/strong>i que cadasc\u00fa pot decidir si fer-la o no i que cal que els alumnes alumnes de 3r i 4t d&#8217;ESO portin el justificant signat pels pares per poder justificar la falta o els pares la justifiquin via correu electr\u00f2nic al tutor\/a.<\/div>\n<div><\/div>\n<div>El professorat no pot dur a terme ex\u00e0mens ni activitats avaluables que perjudiquin la nota dels alumnes que fan vaga,\u00a0 per\u00f2 <strong><span style=\"color: #ff6600;\">si avan\u00e7ar mat\u00e8ria.<\/span><\/strong><\/div>\n<div><\/div>\n<div><\/div>\n<div>El servei de transport funcionar\u00e0 amb normalitat.<\/div>\n<div><\/div>\n","protected":false},"excerpt":{"rendered":"<p>Hi ha convocada una vaga general pel dilluns 8 de mar\u00e7.<\/p>\n<p>El centre funcionar\u00e0 amb la m\u00e0xima normalitat possible, sempre en funci\u00f3 del professorat disponible. No s&#8217;espera una afectaci\u00f3 molt gran.<\/p>\n<p>Han demanat fer vaga\u00a0 els grups de 3r d&#8217;ESO A, B i D,tots els de 4t&hellip;  <a href=\"https:\/\/agora.xtec.cat\/iesguinovarda\/portada\/vaga-dilluns-8-de-marc\/\" title=\"Read VAGA DILLUNS 8 DE MAR\u00c7\">Llegeix m\u00e9s\u00bb<\/a><\/p>\n","protected":false},"author":1,"featured_media":0,"comment_status":"open","ping_status":"closed","sticky":false,"template":"","format":"standard","meta":{"_bbp_topic_count":0,"_bbp_reply_count":0,"_bbp_total_topic_count":0,"_bbp_total_reply_count":0,"_bbp_voice_count":0,"_bbp_anonymous_reply_count":0,"_bbp_topic_count_hidden":0,"_bbp_reply_count_hidden":0,"_bbp_forum_subforum_count":0,"footnotes":""},"categories":[29],"tags":[],"class_list":["post-2088","post","type-post","status-publish","format-standard","hentry","category-portada"],"post_mailing_queue_ids":[],"_links":{"self":[{"href":"https:\/\/agora.xtec.cat\/iesguinovarda\/wp-json\/wp\/v2\/posts\/2088","targetHints":{"allow":["GET"]}}],"collection":[{"href":"https:\/\/agora.xtec.cat\/iesguinovarda\/wp-json\/wp\/v2\/posts"}],"about":[{"href":"https:\/\/agora.xtec.cat\/iesguinovarda\/wp-json\/wp\/v2\/types\/post"}],"author":[{"embeddable":true,"href":"https:\/\/agora.xtec.cat\/iesguinovarda\/wp-json\/wp\/v2\/users\/1"}],"replies":[{"embeddable":true,"href":"https:\/\/agora.xtec.cat\/iesguinovarda\/wp-json\/wp\/v2\/comments?post=2088"}],"version-history":[{"count":2,"href":"https:\/\/agora.xtec.cat\/iesguinovarda\/wp-json\/wp\/v2\/posts\/2088\/revisions"}],"predecessor-version":[{"id":2090,"href":"https:\/\/agora.xtec.cat\/iesguinovarda\/wp-json\/wp\/v2\/posts\/2088\/revisions\/2090"}],"wp:attachment":[{"href":"https:\/\/agora.xtec.cat\/iesguinovarda\/wp-json\/wp\/v2\/media?parent=2088"}],"wp:term":[{"taxonomy":"category","embeddable":true,"href":"https:\/\/agora.xtec.cat\/iesguinovarda\/wp-json\/wp\/v2\/categories?post=2088"},{"taxonomy":"post_tag","embeddable":true,"href":"https:\/\/agora.xtec.cat\/iesguinovarda\/wp-json\/wp\/v2\/tags?post=2088"}],"curies":[{"name":"wp","href":"https:\/\/api.w.org\/{rel}","templated":true}]}}