{"id":2025,"date":"2021-02-17T10:34:56","date_gmt":"2021-02-17T09:34:56","guid":{"rendered":"https:\/\/agora.xtec.cat\/iesguinovarda\/?p=2025"},"modified":"2021-02-17T10:41:56","modified_gmt":"2021-02-17T09:41:56","slug":"xerrada-ampa","status":"publish","type":"post","link":"https:\/\/agora.xtec.cat\/iesguinovarda\/general\/xerrada-ampa\/","title":{"rendered":"XERRADA AMPA"},"content":{"rendered":"<p>L&#8217;AMPA de l&#8217;Institut oferir\u00e0 aquesta tarda la xerrada:<a href=\"https:\/\/drive.google.com\/file\/d\/1QDBwCDLGKgqLLZgpesQl_muXyPD_Zwur\/view?usp=sharing\" target=\"_blank\" rel=\"noopener noreferrer\"> <strong>HAN ACABAT L&#8217;ESO&#8230; I ARA QU\u00c8?.<\/strong><\/a><\/p>\n<p style=\"font-weight: 400;\">\u00c9s una xerrada de la\u00a0Federaci\u00f3 d\u2019Associacions de Pares d\u2019Alumnes d\u2019Ensenyament Secundari de Catalunya (FAPAES), dins del cicle\u00a0<strong>Converses amb les fam\u00edlies. Parlem de\u2026\u00a0<\/strong><\/p>\n<p style=\"font-weight: 400;\">Ens explicar\u00e0, en una xerrada virtual, les diverses opcions que tenen\u00a0d\u2019estudis postobligatoris, com ara el batxillerat o els cicles formatius, i ens donaran\u00a0<strong>eines<\/strong>\u00a0per acompanyar-los en aquesta decisi\u00f3.<\/p>\n<p style=\"font-weight: 400;\">L\u2019acc\u00e9s \u00e9s lliure i gratu\u00eft, per\u00f2 cal\u00a0<a href=\"https:\/\/us02web.zoom.us\/webinar\/register\/WN_AVC1FRzERFS57xQzD3oBag\" data-saferedirecturl=\"https:\/\/www.google.com\/url?q=https:\/\/us02web.zoom.us\/webinar\/register\/WN_AVC1FRzERFS57xQzD3oBag&amp;source=gmail&amp;ust=1613630572143000&amp;usg=AFQjCNHY_415C4WFPz7tcJG1Wu2ORYB_Sw\"><strong>inscripci\u00f3 pr\u00e8via<\/strong><\/a>\u00a0<a href=\"https:\/\/us02web.zoom.us\/webinar\/register\/WN_AVC1FRzERFS57xQzD3oBag\" data-saferedirecturl=\"https:\/\/www.google.com\/url?q=https:\/\/us02web.zoom.us\/webinar\/register\/WN_AVC1FRzERFS57xQzD3oBag&amp;source=gmail&amp;ust=1613630572143000&amp;usg=AFQjCNHY_415C4WFPz7tcJG1Wu2ORYB_Sw\">(clic aqu\u00ed)<\/a>\u00a0; les dades sol\u00b7licitades serviran per controlar el volum de participants i poder enviar posteriorment informacions sobre el tema. No es faran servir per cap altra finalitat.<\/p>\n<ul style=\"font-weight: 400;\">\n<li><strong>Han acabat l\u2019ESO\u2026 i ara qu\u00e8? Acompanyem els nostres fills i filles a triar futur<\/strong><\/li>\n<li>dimecres 17 de febrer<\/li>\n<li>de 18.00\u202fa 19.30\u202fh<\/li>\n<\/ul>\n<p style=\"font-weight: 400;\">Us hi esperem!!<\/p>\n","protected":false},"excerpt":{"rendered":"<p>L&#8217;AMPA de l&#8217;Institut oferir\u00e0 aquesta tarda la xerrada:<a href=\"https:\/\/drive.google.com\/file\/d\/1QDBwCDLGKgqLLZgpesQl_muXyPD_Zwur\/view?usp=sharing\" target=\"_blank\" rel=\"noopener noreferrer\"> HAN ACABAT L&#8217;ESO&#8230; I ARA QU\u00c8?.<\/a><br \/>\n\u00c9s una xerrada de la\u00a0Federaci\u00f3 d\u2019Associacions de Pares d\u2019Alumnes d\u2019Ensenyament Secundari de Catalunya (FAPAES), dins del cicle\u00a0Converses amb les fam\u00edlies. Parlem de\u2026\u00a0<br \/>\nEns explicar\u00e0, en una xerrada virtual, les&hellip;  <a href=\"https:\/\/agora.xtec.cat\/iesguinovarda\/general\/xerrada-ampa\/\" title=\"Read XERRADA AMPA\">Llegeix m\u00e9s\u00bb<\/a><\/p>\n","protected":false},"author":3,"featured_media":0,"comment_status":"closed","ping_status":"closed","sticky":false,"template":"","format":"standard","meta":{"_bbp_topic_count":0,"_bbp_reply_count":0,"_bbp_total_topic_count":0,"_bbp_total_reply_count":0,"_bbp_voice_count":0,"_bbp_anonymous_reply_count":0,"_bbp_topic_count_hidden":0,"_bbp_reply_count_hidden":0,"_bbp_forum_subforum_count":0,"footnotes":""},"categories":[1,29,105],"tags":[],"class_list":["post-2025","post","type-post","status-publish","format-standard","hentry","category-general","category-portada","category-secretaria"],"post_mailing_queue_ids":[],"_links":{"self":[{"href":"https:\/\/agora.xtec.cat\/iesguinovarda\/wp-json\/wp\/v2\/posts\/2025","targetHints":{"allow":["GET"]}}],"collection":[{"href":"https:\/\/agora.xtec.cat\/iesguinovarda\/wp-json\/wp\/v2\/posts"}],"about":[{"href":"https:\/\/agora.xtec.cat\/iesguinovarda\/wp-json\/wp\/v2\/types\/post"}],"author":[{"embeddable":true,"href":"https:\/\/agora.xtec.cat\/iesguinovarda\/wp-json\/wp\/v2\/users\/3"}],"replies":[{"embeddable":true,"href":"https:\/\/agora.xtec.cat\/iesguinovarda\/wp-json\/wp\/v2\/comments?post=2025"}],"version-history":[{"count":2,"href":"https:\/\/agora.xtec.cat\/iesguinovarda\/wp-json\/wp\/v2\/posts\/2025\/revisions"}],"predecessor-version":[{"id":2027,"href":"https:\/\/agora.xtec.cat\/iesguinovarda\/wp-json\/wp\/v2\/posts\/2025\/revisions\/2027"}],"wp:attachment":[{"href":"https:\/\/agora.xtec.cat\/iesguinovarda\/wp-json\/wp\/v2\/media?parent=2025"}],"wp:term":[{"taxonomy":"category","embeddable":true,"href":"https:\/\/agora.xtec.cat\/iesguinovarda\/wp-json\/wp\/v2\/categories?post=2025"},{"taxonomy":"post_tag","embeddable":true,"href":"https:\/\/agora.xtec.cat\/iesguinovarda\/wp-json\/wp\/v2\/tags?post=2025"}],"curies":[{"name":"wp","href":"https:\/\/api.w.org\/{rel}","templated":true}]}}