{"id":1883,"date":"2020-09-13T20:57:31","date_gmt":"2020-09-13T18:57:31","guid":{"rendered":"https:\/\/agora.xtec.cat\/iesguinovarda\/?p=1883"},"modified":"2020-09-13T21:01:25","modified_gmt":"2020-09-13T19:01:25","slug":"modificacio-parades-autocar-hostalets","status":"publish","type":"post","link":"https:\/\/agora.xtec.cat\/iesguinovarda\/general\/modificacio-parades-autocar-hostalets\/","title":{"rendered":"MODIFICACI\u00d3 PARADES AUTOCAR HOSTALETS"},"content":{"rendered":"<p>El Consell Comarcal ens acaba de comunicar el seg\u00fcent canvi a les parades de l&#8217;autocar dels Hostalets de Pierola:<\/p>\n<p>La ruta A431 d\u2019Hostalets a l\u2019Institut Guinovarda t\u00e9\u00a0 <strong>UNA SOLA PARADA<\/strong> a la pla\u00e7a dels Pa\u00efsos Catalans. El dilluns dia 14 hi passar\u00e0 a les 09:35 i la resta dels dies a les 07:45.<\/p>\n<p>&nbsp;<\/p>\n","protected":false},"excerpt":{"rendered":"<p>El Consell Comarcal ens acaba de comunicar el seg\u00fcent canvi a les parades de l&#8217;autocar dels Hostalets de Pierola:<br \/>\nLa ruta A431 d\u2019Hostalets a l\u2019Institut Guinovarda t\u00e9\u00a0 UNA SOLA PARADA a la pla\u00e7a dels Pa\u00efsos Catalans. El dilluns dia 14 hi passar\u00e0 a les 09:35 i&hellip;  <a href=\"https:\/\/agora.xtec.cat\/iesguinovarda\/general\/modificacio-parades-autocar-hostalets\/\" title=\"Read MODIFICACI\u00d3 PARADES AUTOCAR HOSTALETS\">Llegeix m\u00e9s\u00bb<\/a><\/p>\n","protected":false},"author":3,"featured_media":0,"comment_status":"closed","ping_status":"closed","sticky":false,"template":"","format":"standard","meta":{"_bbp_topic_count":0,"_bbp_reply_count":0,"_bbp_total_topic_count":0,"_bbp_total_reply_count":0,"_bbp_voice_count":0,"_bbp_anonymous_reply_count":0,"_bbp_topic_count_hidden":0,"_bbp_reply_count_hidden":0,"_bbp_forum_subforum_count":0,"footnotes":""},"categories":[1,29],"tags":[],"class_list":["post-1883","post","type-post","status-publish","format-standard","hentry","category-general","category-portada"],"post_mailing_queue_ids":[],"_links":{"self":[{"href":"https:\/\/agora.xtec.cat\/iesguinovarda\/wp-json\/wp\/v2\/posts\/1883","targetHints":{"allow":["GET"]}}],"collection":[{"href":"https:\/\/agora.xtec.cat\/iesguinovarda\/wp-json\/wp\/v2\/posts"}],"about":[{"href":"https:\/\/agora.xtec.cat\/iesguinovarda\/wp-json\/wp\/v2\/types\/post"}],"author":[{"embeddable":true,"href":"https:\/\/agora.xtec.cat\/iesguinovarda\/wp-json\/wp\/v2\/users\/3"}],"replies":[{"embeddable":true,"href":"https:\/\/agora.xtec.cat\/iesguinovarda\/wp-json\/wp\/v2\/comments?post=1883"}],"version-history":[{"count":2,"href":"https:\/\/agora.xtec.cat\/iesguinovarda\/wp-json\/wp\/v2\/posts\/1883\/revisions"}],"predecessor-version":[{"id":1888,"href":"https:\/\/agora.xtec.cat\/iesguinovarda\/wp-json\/wp\/v2\/posts\/1883\/revisions\/1888"}],"wp:attachment":[{"href":"https:\/\/agora.xtec.cat\/iesguinovarda\/wp-json\/wp\/v2\/media?parent=1883"}],"wp:term":[{"taxonomy":"category","embeddable":true,"href":"https:\/\/agora.xtec.cat\/iesguinovarda\/wp-json\/wp\/v2\/categories?post=1883"},{"taxonomy":"post_tag","embeddable":true,"href":"https:\/\/agora.xtec.cat\/iesguinovarda\/wp-json\/wp\/v2\/tags?post=1883"}],"curies":[{"name":"wp","href":"https:\/\/api.w.org\/{rel}","templated":true}]}}