{"id":1868,"date":"2021-09-20T11:03:45","date_gmt":"2021-09-20T09:03:45","guid":{"rendered":"https:\/\/agora.xtec.cat\/iesguinovarda\/?p=1868"},"modified":"2021-09-20T17:33:42","modified_gmt":"2021-09-20T15:33:42","slug":"declaracio-responsable-de-les-families-i-mesures-de-salut","status":"publish","type":"post","link":"https:\/\/agora.xtec.cat\/iesguinovarda\/general\/declaracio-responsable-de-les-families-i-mesures-de-salut\/","title":{"rendered":"DECLARACI\u00d3 RESPONSABLE i AUTORITZACI\u00d3 PCR"},"content":{"rendered":"<header class=\"entry-header\">\n<h5 class=\"entry-title\"><span style=\"font-family: inherit; font-size: 1em; font-weight: normal;\">A continuaci\u00f3 trobareu els models de documents que cal retornar signats el m\u00e9s aviat possible al tutor\/a:\u00a0<\/span><\/h5>\n<p>&nbsp;<\/p>\n<\/header>\n<div class=\"entry-summary\">\n<h5 class=\"entry-title\"><span style=\"font-family: inherit; font-size: 1em; font-weight: normal;\"><a style=\"color: #2795b6;\" href=\"https:\/\/agora.xtec.cat\/iesguinovarda\/wp-content\/uploads\/usu579\/2020\/09\/Autoritzacions-Fam\u00edlies_-PCR.pdf\">Autoritzaci\u00f3 per realitzar la PCR<\/a><\/span><\/h5>\n<p><a href=\"https:\/\/agora.xtec.cat\/iesguinovarda\/wp-content\/uploads\/usu579\/2020\/09\/Declaracio-responsable-menors-18.pdf\">Declaraci\u00f3 Responsable Alumnes\u00a0 menors de 18 anys<\/a><\/p>\n<p><a href=\"https:\/\/agora.xtec.cat\/iesguinovarda\/wp-content\/uploads\/usu579\/2020\/09\/Declaraci\u00f3-responsable-majors-18.pdf\">Declaraci\u00f3 Responsable Alumnes majors de 18 anys<\/a><\/p>\n<\/div>\n<div class=\"col-sm-8\">\n<div class=\"basic_text_peq pd-15\"><\/div>\n<\/div>\n<p>Adjuntem tamb\u00e9 la <a href=\"https:\/\/agora.xtec.cat\/iesguinovarda\/wp-content\/uploads\/usu579\/2021\/09\/Carta-Salut_Educacio5-SIGNADA.pdf\">Carta<\/a> que el Conseller d&#8217;Educaci\u00f3 adre\u00e7a a totes les fam\u00edlies.<\/p>\n","protected":false},"excerpt":{"rendered":"<p>A continuaci\u00f3 trobareu els models de documents que cal retornar signats el m\u00e9s aviat possible al tutor\/a:\u00a0<br \/>\n&nbsp;<\/p>\n<p><a style=\"color: #2795b6;\" href=\"https:\/\/agora.xtec.cat\/iesguinovarda\/wp-content\/uploads\/usu579\/2020\/09\/Autoritzacions-Fam\u00edlies_-PCR.pdf\">Autoritzaci\u00f3 per realitzar la PCR<\/a><br \/>\n<a href=\"https:\/\/agora.xtec.cat\/iesguinovarda\/wp-content\/uploads\/usu579\/2020\/09\/Declaracio-responsable-menors-18.pdf\">Declaraci\u00f3 Responsable Alumnes\u00a0 menors de 18 anys<\/a><br \/>\n<a href=\"https:\/\/agora.xtec.cat\/iesguinovarda\/wp-content\/uploads\/usu579\/2020\/09\/Declaraci\u00f3-responsable-majors-18.pdf\">Declaraci\u00f3 Responsable Alumnes majors de 18 anys<\/a><\/p>\n<p>Adjuntem tamb\u00e9 la <a href=\"https:\/\/agora.xtec.cat\/iesguinovarda\/wp-content\/uploads\/usu579\/2021\/09\/Carta-Salut_Educacio5-SIGNADA.pdf\">Carta<\/a> que el Conseller&hellip;  <a href=\"https:\/\/agora.xtec.cat\/iesguinovarda\/general\/declaracio-responsable-de-les-families-i-mesures-de-salut\/\" title=\"Read DECLARACI\u00d3 RESPONSABLE i AUTORITZACI\u00d3 PCR\">Llegeix m\u00e9s\u00bb<\/a><\/p>\n","protected":false},"author":4,"featured_media":0,"comment_status":"closed","ping_status":"closed","sticky":false,"template":"","format":"standard","meta":{"_bbp_topic_count":0,"_bbp_reply_count":0,"_bbp_total_topic_count":0,"_bbp_total_reply_count":0,"_bbp_voice_count":0,"_bbp_anonymous_reply_count":0,"_bbp_topic_count_hidden":0,"_bbp_reply_count_hidden":0,"_bbp_forum_subforum_count":0,"footnotes":""},"categories":[1,29],"tags":[],"class_list":["post-1868","post","type-post","status-publish","format-standard","hentry","category-general","category-portada"],"post_mailing_queue_ids":[],"_links":{"self":[{"href":"https:\/\/agora.xtec.cat\/iesguinovarda\/wp-json\/wp\/v2\/posts\/1868","targetHints":{"allow":["GET"]}}],"collection":[{"href":"https:\/\/agora.xtec.cat\/iesguinovarda\/wp-json\/wp\/v2\/posts"}],"about":[{"href":"https:\/\/agora.xtec.cat\/iesguinovarda\/wp-json\/wp\/v2\/types\/post"}],"author":[{"embeddable":true,"href":"https:\/\/agora.xtec.cat\/iesguinovarda\/wp-json\/wp\/v2\/users\/4"}],"replies":[{"embeddable":true,"href":"https:\/\/agora.xtec.cat\/iesguinovarda\/wp-json\/wp\/v2\/comments?post=1868"}],"version-history":[{"count":3,"href":"https:\/\/agora.xtec.cat\/iesguinovarda\/wp-json\/wp\/v2\/posts\/1868\/revisions"}],"predecessor-version":[{"id":2635,"href":"https:\/\/agora.xtec.cat\/iesguinovarda\/wp-json\/wp\/v2\/posts\/1868\/revisions\/2635"}],"wp:attachment":[{"href":"https:\/\/agora.xtec.cat\/iesguinovarda\/wp-json\/wp\/v2\/media?parent=1868"}],"wp:term":[{"taxonomy":"category","embeddable":true,"href":"https:\/\/agora.xtec.cat\/iesguinovarda\/wp-json\/wp\/v2\/categories?post=1868"},{"taxonomy":"post_tag","embeddable":true,"href":"https:\/\/agora.xtec.cat\/iesguinovarda\/wp-json\/wp\/v2\/tags?post=1868"}],"curies":[{"name":"wp","href":"https:\/\/api.w.org\/{rel}","templated":true}]}}