{"id":1856,"date":"2020-09-08T20:39:58","date_gmt":"2020-09-08T18:39:58","guid":{"rendered":"https:\/\/agora.xtec.cat\/iesguinovarda\/?p=1856"},"modified":"2020-09-08T20:43:41","modified_gmt":"2020-09-08T18:43:41","slug":"beques-batillerat-i-cicles-formatius","status":"publish","type":"post","link":"https:\/\/agora.xtec.cat\/iesguinovarda\/portada\/beques-batillerat-i-cicles-formatius\/","title":{"rendered":"BEQUES BATXILLERAT I CICLES FORMATIUS"},"content":{"rendered":"<p>Us informem que est\u00e0 obert el temini per sol\u00b7licitar les beques convocades pel Ministeri d&#8217;Educaci\u00f3, adre\u00e7ades als estudiants que el curs 2020-2021 cursaran estudis postobligatoris (Batxillerat i Cicles formatius, entre d&#8217;altres).<\/p>\n<p>La sol\u00b7licitud i tots els tr\u00e0mits s&#8217;han de fer de forma telem\u00e0tica, accedint a l&#8217;enlla\u00e7 seg\u00fcent:<\/p>\n<p><a href=\"https:\/\/web.gencat.cat\/ca\/tramits\/tramits-temes\/Beques-de-caracter-general-per-a-estudis-postobligatoris?category=7449fd1c-a82c-11e3-a972-000c29052e2c\" target=\"_blank\" rel=\"noopener noreferrer\" data-saferedirecturl=\"https:\/\/www.google.com\/url?q=https:\/\/web.gencat.cat\/ca\/tramits\/tramits-temes\/Beques-de-caracter-general-per-a-estudis-postobligatoris?category%3D7449fd1c-a82c-11e3-a972-000c29052e2c&amp;source=gmail&amp;ust=1599676444517000&amp;usg=AFQjCNEZoJJ40RfVcB6HdqS7RSCqMohMfQ\">https:\/\/web.gencat.cat\/ca\/<wbr \/>tramits\/tramits-temes\/Beques-<wbr \/>de-caracter-general-per-a-<wbr \/>estudis-postobligatoris?<wbr \/>category=7449fd1c-a82c-11e3-<wbr \/>a972-000c29052e2c<\/a><\/p>\n<p><b>El termini per fer la sol\u00b7licitud\u00a0<u>finalitza l&#8217;1 d&#8217;octubre<\/u>\u00a0de 2020.<\/b><\/p>\n<p>L&#8217;Ajuntament de Piera, amb el suport del Consell Comarcal, ha organitzat un\u00a0<a href=\"http:\/\/www.viladepiera.cat\/actualitat\/noticies\/2020\/09\/02\/en-marxa-un-taller-d-acompanyament-en-el-tramit-de-beques\" target=\"_blank\" rel=\"noopener noreferrer\"><b>TALLER DE SUPORT<\/b><\/a> per fer aquest tr\u00e0mit. Es far\u00e0 el 17 de setembre de 16 a 19h a la Nau.<\/p>\n<p>Cal demanar cita pr\u00e8via a\u00a0\u00a0<a href=\"mailto:piera.educa@ajpiera.cat\" target=\"_blank\" rel=\"noopener noreferrer\">piera.educa@ajpiera.cat<\/a>. Hi ha places limitades.<\/p>\n<p>&nbsp;<\/p>\n<p>&nbsp;<\/p>\n","protected":false},"excerpt":{"rendered":"<p>Us informem que est\u00e0 obert el temini per sol\u00b7licitar les beques convocades pel Ministeri d&#8217;Educaci\u00f3, adre\u00e7ades als estudiants que el curs 2020-2021 cursaran estudis postobligatoris (Batxillerat i Cicles formatius, entre d&#8217;altres).<br \/>\nLa sol\u00b7licitud i tots els tr\u00e0mits s&#8217;han de fer de forma telem\u00e0tica, accedint a l&#8217;enlla\u00e7&hellip;  <a href=\"https:\/\/agora.xtec.cat\/iesguinovarda\/portada\/beques-batillerat-i-cicles-formatius\/\" title=\"Read BEQUES BATXILLERAT I CICLES FORMATIUS\">Llegeix m\u00e9s\u00bb<\/a><\/p>\n","protected":false},"author":3,"featured_media":0,"comment_status":"closed","ping_status":"closed","sticky":false,"template":"","format":"standard","meta":{"_bbp_topic_count":0,"_bbp_reply_count":0,"_bbp_total_topic_count":0,"_bbp_total_reply_count":0,"_bbp_voice_count":0,"_bbp_anonymous_reply_count":0,"_bbp_topic_count_hidden":0,"_bbp_reply_count_hidden":0,"_bbp_forum_subforum_count":0,"footnotes":""},"categories":[29,105],"tags":[],"class_list":["post-1856","post","type-post","status-publish","format-standard","hentry","category-portada","category-secretaria"],"post_mailing_queue_ids":[],"_links":{"self":[{"href":"https:\/\/agora.xtec.cat\/iesguinovarda\/wp-json\/wp\/v2\/posts\/1856","targetHints":{"allow":["GET"]}}],"collection":[{"href":"https:\/\/agora.xtec.cat\/iesguinovarda\/wp-json\/wp\/v2\/posts"}],"about":[{"href":"https:\/\/agora.xtec.cat\/iesguinovarda\/wp-json\/wp\/v2\/types\/post"}],"author":[{"embeddable":true,"href":"https:\/\/agora.xtec.cat\/iesguinovarda\/wp-json\/wp\/v2\/users\/3"}],"replies":[{"embeddable":true,"href":"https:\/\/agora.xtec.cat\/iesguinovarda\/wp-json\/wp\/v2\/comments?post=1856"}],"version-history":[{"count":3,"href":"https:\/\/agora.xtec.cat\/iesguinovarda\/wp-json\/wp\/v2\/posts\/1856\/revisions"}],"predecessor-version":[{"id":1859,"href":"https:\/\/agora.xtec.cat\/iesguinovarda\/wp-json\/wp\/v2\/posts\/1856\/revisions\/1859"}],"wp:attachment":[{"href":"https:\/\/agora.xtec.cat\/iesguinovarda\/wp-json\/wp\/v2\/media?parent=1856"}],"wp:term":[{"taxonomy":"category","embeddable":true,"href":"https:\/\/agora.xtec.cat\/iesguinovarda\/wp-json\/wp\/v2\/categories?post=1856"},{"taxonomy":"post_tag","embeddable":true,"href":"https:\/\/agora.xtec.cat\/iesguinovarda\/wp-json\/wp\/v2\/tags?post=1856"}],"curies":[{"name":"wp","href":"https:\/\/api.w.org\/{rel}","templated":true}]}}