{"id":1818,"date":"2020-08-25T10:44:24","date_gmt":"2020-08-25T08:44:24","guid":{"rendered":"https:\/\/agora.xtec.cat\/iesguinovarda\/?p=1818"},"modified":"2020-09-08T17:27:51","modified_gmt":"2020-09-08T15:27:51","slug":"inici-de-curs","status":"publish","type":"post","link":"https:\/\/agora.xtec.cat\/iesguinovarda\/portada\/inici-de-curs\/","title":{"rendered":"INICI DE  CURS"},"content":{"rendered":"<h4><a href=\"https:\/\/agora.xtec.cat\/iesguinovarda\/wp-content\/uploads\/usu579\/2020\/08\/inici-de-curs.jpg\"><img loading=\"lazy\" decoding=\"async\" class=\"wp-image-1819 size-medium alignleft\" src=\"https:\/\/agora.xtec.cat\/iesguinovarda\/wp-content\/uploads\/usu579\/2020\/08\/inici-de-curs-300x212.jpg\" alt=\"\" width=\"300\" height=\"212\" srcset=\"https:\/\/agora.xtec.cat\/iesguinovarda\/wp-content\/uploads\/usu579\/2020\/08\/inici-de-curs-300x212.jpg 300w, https:\/\/agora.xtec.cat\/iesguinovarda\/wp-content\/uploads\/usu579\/2020\/08\/inici-de-curs-768x543.jpg 768w, https:\/\/agora.xtec.cat\/iesguinovarda\/wp-content\/uploads\/usu579\/2020\/08\/inici-de-curs-1024x724.jpg 1024w, https:\/\/agora.xtec.cat\/iesguinovarda\/wp-content\/uploads\/usu579\/2020\/08\/inici-de-curs.jpg 2048w\" sizes=\"auto, (max-width: 300px) 100vw, 300px\" \/><\/a><span style=\"text-decoration: underline;\">Inici de curs<\/span> dels <span style=\"color: #ff6600;\">alumnes<\/span>:<span style=\"color: #808080;\"> 14 de setembre de forma presencial:<\/span><\/h4>\n<ul>\n<li>\n<h5><span style=\"color: #999999;\">Amb transport: entraran a les 9:50 fins les 12 h.\u00a0 <\/span><a href=\"https:\/\/drive.google.com\/file\/d\/1ufUGDyH0sV1frYf5xpsYluJ8V4BJdjE3\/view?usp=sharing\" target=\"_blank\" rel=\"noopener noreferrer\"><span style=\"color: #ff6600;\"><span style=\"font-family: Arial, sans-serif;\"><span style=\"font-size: small;\">(veure horari transport primer dia)<\/span><\/span><\/span><\/a><\/h5>\n<\/li>\n<li>\n<h5><span style=\"color: #999999;\">Sense transport entraran a les 10:00 fins les 12 h.<\/span><\/h5>\n<\/li>\n<\/ul>\n<h4><\/h4>\n<h4><\/h4>\n<h4><span style=\"text-decoration: underline;\">Pla d&#8217;organitzaci\u00f3<\/span> del curs 2020-21:<\/h4>\n<p>D\u2019acord amb les instruccions rebudes dels dels Departament d&#8217;Educaci\u00f3 i de Salut, s&#8217;ha elaborat el PLA D&#8217;ORGANITZACI\u00d3 DEL CURS 2020-21 DE L&#8217;INSTITUT GUINOVARDA<\/p>\n<p><a href=\"https:\/\/agora.xtec.cat\/iesguinovarda\/wp-content\/uploads\/usu579\/2020\/09\/Pla-dorganitzacio-2020-21WEB-modificat-setembre-2020.pdf\"> DOCUMENT COMPLET\u00a0<\/a><\/p>\n<p><a href=\"https:\/\/agora.xtec.cat\/iesguinovarda\/wp-content\/uploads\/usu579\/2020\/09\/Organitzaci\u00f3-del-Batxillerat-2020-21-per-la-reuni\u00f3-de-pares.pdf\">Resum Batxillerat<\/a><\/p>\n<p><a href=\"https:\/\/agora.xtec.cat\/iesguinovarda\/wp-content\/uploads\/usu579\/2020\/09\/Organitzaci\u00f3-CFGM-2020-21per-la-reuni\u00f3-de-pares.pdf\">Resum Cicles Formatius<\/a><\/p>\n<p><a href=\"https:\/\/agora.xtec.cat\/iesguinovarda\/wp-content\/uploads\/usu579\/2020\/09\/Organitzaci\u00f3-ESO-2020-21-per-reuni\u00f3-pares.pdf\">Resum ESO<\/a><\/p>\n<p>Aquest pla ha estat aprovat pel Claustre i el Consell Escolar, i \u00e9s el de refer\u00e8ncia per la implementaci\u00f3 dels procediments que es seguiran des de\u00a0 l\u2019inici del curs. En tot moment estar\u00e0 subjecte a modificacions en funci\u00f3 de l&#8217;evoluci\u00f3 de la pand\u00e8mia.<\/p>\n<h4><\/h4>\n<h4><span style=\"text-decoration: underline;\">Dossier de les fam\u00edlies<\/span>:<\/h4>\n<h5><span style=\"color: #999999;\">\u00a0Per <span style=\"color: #ff6600;\">consultar-lo<\/span> clicar seg\u00fcent <a href=\"https:\/\/agora.xtec.cat\/iesguinovarda\/wp-content\/uploads\/usu579\/2020\/09\/02.Dossier-fam\u00edlies-20-21-1.pdf\">enlla\u00e7<\/a><\/span><\/h5>\n","protected":false},"excerpt":{"rendered":"<p><a href=\"https:\/\/agora.xtec.cat\/iesguinovarda\/wp-content\/uploads\/usu579\/2020\/08\/inici-de-curs.jpg\"><\/a>Inici de curs dels alumnes: 14 de setembre de forma presencial:<\/p>\n<ul>\n<li>\nAmb transport: entraran a les 9:50 fins les 12 h.\u00a0 <a href=\"https:\/\/drive.google.com\/file\/d\/1ufUGDyH0sV1frYf5xpsYluJ8V4BJdjE3\/view?usp=sharing\" target=\"_blank\" rel=\"noopener noreferrer\">(veure horari transport primer dia)<\/a>\n<\/li>\n<li>\nSense transport entraran a les 10:00 fins les 12 h.\n<\/li>\n<\/ul>\n<p>Pla d&#8217;organitzaci\u00f3 del curs 2020-21:<br \/>\nD\u2019acord amb les&hellip;  <a href=\"https:\/\/agora.xtec.cat\/iesguinovarda\/portada\/inici-de-curs\/\" title=\"Read INICI DE  CURS\">Llegeix m\u00e9s\u00bb<\/a><\/p>\n","protected":false},"author":1,"featured_media":1819,"comment_status":"open","ping_status":"closed","sticky":false,"template":"","format":"standard","meta":{"_bbp_topic_count":0,"_bbp_reply_count":0,"_bbp_total_topic_count":0,"_bbp_total_reply_count":0,"_bbp_voice_count":0,"_bbp_anonymous_reply_count":0,"_bbp_topic_count_hidden":0,"_bbp_reply_count_hidden":0,"_bbp_forum_subforum_count":0,"footnotes":""},"categories":[29],"tags":[],"class_list":["post-1818","post","type-post","status-publish","format-standard","has-post-thumbnail","hentry","category-portada"],"post_mailing_queue_ids":[],"_links":{"self":[{"href":"https:\/\/agora.xtec.cat\/iesguinovarda\/wp-json\/wp\/v2\/posts\/1818","targetHints":{"allow":["GET"]}}],"collection":[{"href":"https:\/\/agora.xtec.cat\/iesguinovarda\/wp-json\/wp\/v2\/posts"}],"about":[{"href":"https:\/\/agora.xtec.cat\/iesguinovarda\/wp-json\/wp\/v2\/types\/post"}],"author":[{"embeddable":true,"href":"https:\/\/agora.xtec.cat\/iesguinovarda\/wp-json\/wp\/v2\/users\/1"}],"replies":[{"embeddable":true,"href":"https:\/\/agora.xtec.cat\/iesguinovarda\/wp-json\/wp\/v2\/comments?post=1818"}],"version-history":[{"count":4,"href":"https:\/\/agora.xtec.cat\/iesguinovarda\/wp-json\/wp\/v2\/posts\/1818\/revisions"}],"predecessor-version":[{"id":1854,"href":"https:\/\/agora.xtec.cat\/iesguinovarda\/wp-json\/wp\/v2\/posts\/1818\/revisions\/1854"}],"wp:featuredmedia":[{"embeddable":true,"href":"https:\/\/agora.xtec.cat\/iesguinovarda\/wp-json\/wp\/v2\/media\/1819"}],"wp:attachment":[{"href":"https:\/\/agora.xtec.cat\/iesguinovarda\/wp-json\/wp\/v2\/media?parent=1818"}],"wp:term":[{"taxonomy":"category","embeddable":true,"href":"https:\/\/agora.xtec.cat\/iesguinovarda\/wp-json\/wp\/v2\/categories?post=1818"},{"taxonomy":"post_tag","embeddable":true,"href":"https:\/\/agora.xtec.cat\/iesguinovarda\/wp-json\/wp\/v2\/tags?post=1818"}],"curies":[{"name":"wp","href":"https:\/\/api.w.org\/{rel}","templated":true}]}}